{"id":1805,"date":"2023-03-31T08:11:16","date_gmt":"2023-03-31T08:11:16","guid":{"rendered":"https:\/\/laligaupdate.com\/vn\/?p=1805"},"modified":"2023-03-31T08:11:18","modified_gmt":"2023-03-31T08:11:18","slug":"du-doan-real-madrid-vs-valladolid-laliga-vong-27","status":"publish","type":"post","link":"https:\/\/laligaupdate.com\/vn\/du-doan-real-madrid-vs-valladolid-laliga-vong-27\/","title":{"rendered":"D\u1ef1 \u0111o\u00e1n Real Madrid vs Valladolid \u2013 La Liga MD 27&nbsp;"},"content":{"rendered":"\n<h3 class=\"wp-block-heading\"><a href=\"https:\/\/laligaupdate.com\/vn\/laliga-clubs\/cau-lac-bo-real-madrid\/\" target=\"_blank\" rel=\"noreferrer noopener\">Real Madrid<\/a>\u00a0vs Valladolid \u2013 D\u1ef1 \u0111o\u00e1n gi\u1ea3i La Liga \u2013 Los Blancos t\u00ecm c\u00e1ch l\u1ea5y l\u1ea1i phong \u0111\u1ed9 sau tr\u1eadn thua \u1edf \u201cEl Clasico\u201d khi ch\u00e0o \u0111\u00f3n Real Valladolid tr\u00ean s\u00e2n nh\u00e0 Estadio Santiago Bernabeu.\u00a0<\/h3>\n\n\n\n<p><a href=\"https:\/\/laligaupdate.com\/vn\/2023\/03\/30\/lich-thi-dau-vong-27-laliga-2022-23\/\" target=\"_blank\" rel=\"noreferrer noopener\">L\u1ecbch thi \u0111\u1ea5u V\u00f2ng 27 La Liga 2022-23<\/a>&nbsp;<\/p>\n\n\n\n<p>&nbsp;<a href=\"https:\/\/laligaupdate.com\/vn\/\" target=\"_blank\" rel=\"noreferrer noopener\">\u0110\u1ecdc th\u00eam nhi\u1ec1u b\u00e0i v\u1ec1 La Liga t\u1ea1i \u0111\u00e2y<\/a>&nbsp;&nbsp;&nbsp;&nbsp;&nbsp;&nbsp;&nbsp;&nbsp;<\/p>\n\n\n\n<p><a href=\"https:\/\/record.brave158.com\/_cvKXN19j5PQlu5cdA8BczmNd7ZgqdRLk\/3\/\" target=\"_blank\" rel=\"noreferrer noopener\">Nh\u1eadn Khuy\u1ebfn m\u00e3i m\u1edbi nh\u1ea5t c\u1ee7a M88 Mansion x La Liga t\u1ea1i \u0111\u00e2y<\/a>&nbsp;<\/p>\n\n\n\n<figure class=\"wp-block-image size-large\"><img loading=\"lazy\" decoding=\"async\" width=\"1024\" height=\"1024\" src=\"https:\/\/laligaupdate.com\/vn\/wp-content\/uploads\/sites\/5\/2023\/03\/image_2023_03_30T07_40_46_279Z-1024x1024.png\" alt=\"\" class=\"wp-image-1806\" srcset=\"https:\/\/laligaupdate.com\/vn\/wp-content\/uploads\/sites\/5\/2023\/03\/image_2023_03_30T07_40_46_279Z-1024x1024.png 1024w, https:\/\/laligaupdate.com\/vn\/wp-content\/uploads\/sites\/5\/2023\/03\/image_2023_03_30T07_40_46_279Z-300x300.png 300w, https:\/\/laligaupdate.com\/vn\/wp-content\/uploads\/sites\/5\/2023\/03\/image_2023_03_30T07_40_46_279Z-150x150.png 150w, https:\/\/laligaupdate.com\/vn\/wp-content\/uploads\/sites\/5\/2023\/03\/image_2023_03_30T07_40_46_279Z-768x768.png 768w, https:\/\/laligaupdate.com\/vn\/wp-content\/uploads\/sites\/5\/2023\/03\/image_2023_03_30T07_40_46_279Z-1536x1536.png 1536w, https:\/\/laligaupdate.com\/vn\/wp-content\/uploads\/sites\/5\/2023\/03\/image_2023_03_30T07_40_46_279Z-2048x2048.png 2048w, https:\/\/laligaupdate.com\/vn\/wp-content\/uploads\/sites\/5\/2023\/03\/image_2023_03_30T07_40_46_279Z-590x590.png 590w\" sizes=\"auto, (max-width: 1024px) 100vw, 1024px\" \/><figcaption class=\"wp-element-caption\">L\u1ecbch thi \u0111\u1ea5u V\u00f2ng 27 <\/figcaption><\/figure>\n\n\n\n<h3 class=\"wp-block-heading\">Nh\u1eadn \u0111\u1ecbnh tr\u1eadn \u0111\u1ea5u &nbsp;<\/h3>\n\n\n\n<p>Los Blancos b\u1ecb Barcelona \u0111\u00e1nh b\u1ea1i 2-1 tr\u01b0\u1edbc k\u1ef3 ngh\u1ec9 qu\u1ed1c t\u1ebf, khi\u1ebfn h\u1ecd k\u00e9m \u0111\u1ed9i b\u00f3ng c\u1ee7a Xavi 12 \u0111i\u1ec3m tr\u00ean BXH. &nbsp;<\/p>\n\n\n\n<p>\u0110\u1ed9i b\u00f3ng c\u1ee7a Carlo Ancelotti \u0111ang t\u00ecm c\u00e1ch&nbsp;n\u1ed1i l\u1ea1i m\u1ea1ch th\u1eafng \u1edf&nbsp;gi\u1ea3i \u0111\u1ea5u, v\u00e0 b\u1eaft \u0111\u1ea7u b\u1eb1ng cu\u1ed9c \u0111\u1ee5ng \u0111\u1ed9 v\u1edbi \u0111\u1ed9i x\u1ebfp th\u1ee9 16 l\u00e0 Real Valladolid.&nbsp;C\u00e1c nh\u00e0 \u0111\u01b0\u01a1ng kim v\u00f4 \u0111\u1ecbch gi\u1ea3i \u0111\u1ea5u l\u00e0 m\u1ed9t th\u1ebf l\u1ef1c b\u1ea5t kh\u1ea3 \u0111\u00e1ng g\u1eddm tr\u00ean s\u00e2n nh\u00e0 khi h\u1ecd kh\u00f4ng thua tr\u1eadn n\u00e0o trong 16 tr\u1eadn g\u1ea7n nh\u1ea5t t\u1ea1i gi\u1ea3i \u0111\u1ea5u.&nbsp;<\/p>\n\n\n\n<figure class=\"wp-block-image size-full\"><img loading=\"lazy\" decoding=\"async\" width=\"800\" height=\"533\" src=\"https:\/\/laligaupdate.com\/vn\/wp-content\/uploads\/sites\/5\/2023\/03\/2-5.jpeg\" alt=\"\" class=\"wp-image-1807\" srcset=\"https:\/\/laligaupdate.com\/vn\/wp-content\/uploads\/sites\/5\/2023\/03\/2-5.jpeg 800w, https:\/\/laligaupdate.com\/vn\/wp-content\/uploads\/sites\/5\/2023\/03\/2-5-300x200.jpeg 300w, https:\/\/laligaupdate.com\/vn\/wp-content\/uploads\/sites\/5\/2023\/03\/2-5-768x512.jpeg 768w, https:\/\/laligaupdate.com\/vn\/wp-content\/uploads\/sites\/5\/2023\/03\/2-5-590x393.jpeg 590w\" sizes=\"auto, (max-width: 800px) 100vw, 800px\" \/><figcaption class=\"wp-element-caption\">Vinicius Jr v\u00e0 Araujo trong El Clasico<\/figcaption><\/figure>\n\n\n\n<p>Trong khi \u0111\u00f3, \u0111o\u00e0n qu\u00e2n c\u1ee7a Jos\u00e9 Rojo Mart\u00edn ch\u1ec9 c\u00e1ch khu v\u1ef1c xu\u1ed1ng h\u1ea1ng \u0111\u00fang 2 \u0111i\u1ec3m (28 \u0111i\u1ec3m tr\u01b0\u1edbc V\u00f2ng 27).&nbsp;Th\u1ea5t b\u1ea1i tr\u01b0\u1edbc Athletic Bilbao tr\u01b0\u1edbc gi\u1edd ngh\u1ec9 khi\u1ebfn h\u1ecd g\u1eb7p kh\u00f3 kh\u0103n nghi\u00eam tr\u1ecdng.&nbsp;<\/p>\n\n\n\n<h3 class=\"wp-block-heading\">Tin t\u1ee9c v\u1ec1 ch\u1ea5n th\u01b0\u01a1ng v\u00e0 danh s\u00e1ch treo gi\u00f2&nbsp;<\/h3>\n\n\n\n<p>David Alaba \u0111\u00e3 kh\u00f4ng thi \u0111\u1ea5u cho Real Madrid k\u1ec3 t\u1eeb th\u00e1ng Hai do v\u1ea5n \u0111\u1ec1 v\u1ec1 g\u00e2n kheo, anh \u1ea5y \u0111\u00e3 ch\u1ea1y \u0111ua v\u1edbi th\u1eddi gian trong vi\u1ec7c t\u1eadp luy\u1ec7n v\u1edbi c\u00e2u l\u1ea1c b\u1ed9 c\u1ee7a m\u00ecnh tr\u01b0\u1edbc tr\u1eadn \u0111\u1ea5u n\u00e0y. &nbsp;<\/p>\n\n\n\n<p>Nacho Fernandez s\u1ebd b\u1ecb c\u1ea5m thi \u0111\u1ea5u m\u1ed9t tr\u1eadn v\u00ec th\u1ebb v\u00e0ng t\u1ea1i &nbsp;El Clasico, trong khi th\u1ee7 m\u00f4n Thibaut Courtois v\u1eafng m\u1eb7t v\u00ec ch\u1ea5n th\u01b0\u01a1ng c\u01a1.&nbsp;<\/p>\n\n\n\n<figure class=\"wp-block-image size-full\"><img loading=\"lazy\" decoding=\"async\" width=\"1024\" height=\"872\" src=\"https:\/\/laligaupdate.com\/vn\/wp-content\/uploads\/sites\/5\/2023\/03\/3-4.jpeg\" alt=\"\" class=\"wp-image-1808\" srcset=\"https:\/\/laligaupdate.com\/vn\/wp-content\/uploads\/sites\/5\/2023\/03\/3-4.jpeg 1024w, https:\/\/laligaupdate.com\/vn\/wp-content\/uploads\/sites\/5\/2023\/03\/3-4-300x255.jpeg 300w, https:\/\/laligaupdate.com\/vn\/wp-content\/uploads\/sites\/5\/2023\/03\/3-4-768x654.jpeg 768w, https:\/\/laligaupdate.com\/vn\/wp-content\/uploads\/sites\/5\/2023\/03\/3-4-590x502.jpeg 590w\" sizes=\"auto, (max-width: 1024px) 100vw, 1024px\" \/><figcaption class=\"wp-element-caption\">Benzema c\u1ee7a Real Madrid t\u00ecm c\u00e1ch ghi b\u00e0n v\u00e0o l\u01b0\u1edbi \u0111\u1ed9i cu\u1ed1i b\u1ea3ng \u1edf La Liga V\u00f2ng 27 tr\u00ean s\u00e2n nh\u00e0<\/figcaption><\/figure>\n\n\n\n<p>V\u1ec1 ph\u00eda \u0111\u1ed9i kh\u00e1ch, h\u1eadu v\u1ec7 Javi Sanchez b\u1ecb c\u1ea5m thi \u0111\u1ea5u, trong khi Selim Amallah, Jordi Masip v\u00e0 Anuar ng\u1ed3i ngo\u00e0i v\u00ec ch\u1ea5n th\u01b0\u01a1ng.&nbsp;<\/p>\n\n\n\n<h3 class=\"wp-block-heading\">Nh\u1eefng m\u00e0n tr\u00ecnh di\u1ec5n g\u1ea7n \u0111\u00e2y&nbsp;<\/h3>\n\n\n\n<figure class=\"wp-block-table\"><table><tbody><tr><td>Barcelona 2-1 Madrid (L)&nbsp;<\/td><td>Real Valladolid 1-3 Athletic Bilbao&nbsp;<\/td><\/tr><tr><td>Madrid 3-1 Espanyol (T)&nbsp;<\/td><td>Elche 1-1 Valladolid (D)&nbsp;<\/td><\/tr><tr><td>Betis 0-0 Madrid (D)&nbsp;<\/td><td>Celta 3-0 Valladolid (L)&nbsp;<\/td><\/tr><tr><td>Madrid 1-1 Atl\u00e9tico Madrid (D)&nbsp;<\/td><td>Betis 2-1 Valladolid (L)&nbsp;<\/td><\/tr><tr><td>Osasuns 0-2 Madrid (A)&nbsp;<\/td><td>Valladolid 0-0 Osasuna (D)&nbsp;<\/td><\/tr><\/tbody><\/table><figcaption class=\"wp-element-caption\">K\u1ebft qu\u1ea3 5 tr\u1eadn g\u1ea7n nh\u1ea5t\u00a0<\/figcaption><\/figure>\n\n\n\n<h3 class=\"wp-block-heading\">\u0110\u1ed1i \u0111\u1ea7u&nbsp;<\/h3>\n\n\n\n<p>Trong n\u1eeda \u0111\u1ea7u m\u00f9a gi\u1ea3i, c\u00e2u l\u1ea1c b\u1ed9 ho\u00e0ng gia \u0111\u00e3 chi\u1ebfn th\u1eafng 2-0 tr\u01b0\u1edbc Real Valladolid.&nbsp;Ba l\u1ea7n ch\u1ea1m tr\u00e1n c\u00f2n l\u1ea1i c\u1ee7a c\u00e1c m\u00f9a gi\u1ea3i tr\u01b0\u1edbc c\u0169ng kh\u00f4ng c\u00f3 g\u00ec kh\u00e1c bi\u1ec7t v\u1edbi t\u1ef7 s\u1ed1 1-0 gi\u1ed1ng h\u1ec7t nhau cho Ng\u01b0\u1eddi da tr\u1eafng.&nbsp;<\/p>\n\n\n\n<h3 class=\"wp-block-heading\">D\u1ef1 \u0111o\u00e1n&nbsp;<\/h3>\n\n\n\n<p>\u0110\u1ed9i nh\u00ec b\u1ea3ng La Liga hi\u1ec7n t\u1ea1i s\u1ebd gi\u00e0nh th\u00eam 3 \u0111i\u1ec3m tr\u01b0\u1edbc La pucelanos.&nbsp;\u0110\u00f3 s\u1ebd l\u00e0 m\u1ed9t chi\u1ebfn th\u1eafng d\u1ec5 d\u00e0ng 2-0 t\u1ea1i SV\u0110 Bernabeu cho c\u00e1c nh\u00e0 \u0111\u01b0\u01a1ng kim v\u00f4 \u0111\u1ecbch gi\u1ea3i \u0111\u1ea5u.&nbsp;<\/p>\n","protected":false},"excerpt":{"rendered":"<p>Real Madrid\u00a0vs Valladolid \u2013 D\u1ef1 \u0111o\u00e1n gi\u1ea3i La Liga \u2013 Los Blancos t\u00ecm c\u00e1ch l\u1ea5y l\u1ea1i phong \u0111\u1ed9 sau tr\u1eadn thua \u1edf \u201cEl Clasico\u201d khi ch\u00e0o \u0111\u00f3n Real Valladolid tr\u00ean s\u00e2n nh\u00e0 Estadio Santiago Bernabeu.\u00a0 L\u1ecbch thi \u0111\u1ea5u V\u00f2ng 27 La Liga 2022-23&nbsp; &nbsp;\u0110\u1ecdc th\u00eam nhi\u1ec1u b\u00e0i v\u1ec1 La Liga t\u1ea1i \u0111\u00e2y&nbsp;&nbsp;&nbsp;&nbsp;&nbsp;&nbsp;&nbsp;&nbsp; Nh\u1eadn Khuy\u1ebfn m\u00e3i [&hellip;]<\/p>\n","protected":false},"author":22,"featured_media":1809,"comment_status":"closed","ping_status":"closed","sticky":true,"template":"","format":"standard","meta":{"footnotes":""},"categories":[100],"tags":[250,58,324],"class_list":["post-1805","post","type-post","status-publish","format-standard","has-post-thumbnail","hentry","category-laliga-news","tag-laliga-2022-2023","tag-real-madrid","tag-valladolid"],"yoast_head":"<!-- This site is optimized with the Yoast SEO plugin v21.3 - https:\/\/yoast.com\/wordpress\/plugins\/seo\/ -->\n<title>D\u1ef1 \u0111o\u00e1n Real Madrid vs Valladolid \u2013 La Liga MD 27\u00a0<\/title>\n<meta name=\"description\" content=\"Real Madrid\u00a0vs Valladolid \u2013 D\u1ef1 \u0111o\u00e1n gi\u1ea3i La Liga \u2013 Los Blancos t\u00ecm c\u00e1ch l\u1ea5y l\u1ea1i phong \u0111\u1ed9 sau tr\u1eadn thua \u1edf \u201cEl Clasico\u201d khi ch\u00e0o \u0111\u00f3n Real Valladolid tr\u00ean s\u00e2n nh\u00e0 Estadio Santiago Bernabeu.\u00a0\" \/>\n<meta name=\"robots\" content=\"index, follow, max-snippet:-1, max-image-preview:large, max-video-preview:-1\" \/>\n<link rel=\"canonical\" href=\"https:\/\/laligaupdate.com\/vn\/du-doan-real-madrid-vs-valladolid-laliga-vong-27\/\" \/>\n<meta property=\"og:locale\" content=\"vi_VN\" \/>\n<meta property=\"og:type\" content=\"article\" \/>\n<meta property=\"og:title\" content=\"D\u1ef1 \u0111o\u00e1n Real Madrid vs Valladolid \u2013 La Liga MD 27\u00a0\" \/>\n<meta property=\"og:description\" content=\"Real Madrid\u00a0vs Valladolid \u2013 D\u1ef1 \u0111o\u00e1n gi\u1ea3i La Liga \u2013 Los Blancos t\u00ecm c\u00e1ch l\u1ea5y l\u1ea1i phong \u0111\u1ed9 sau tr\u1eadn thua \u1edf \u201cEl Clasico\u201d khi ch\u00e0o \u0111\u00f3n Real Valladolid tr\u00ean s\u00e2n nh\u00e0 Estadio Santiago Bernabeu.\u00a0\" \/>\n<meta property=\"og:url\" content=\"https:\/\/laligaupdate.com\/vn\/du-doan-real-madrid-vs-valladolid-laliga-vong-27\/\" \/>\n<meta property=\"og:site_name\" content=\"C\u1eadp nh\u1eadt La Liga\" \/>\n<meta property=\"article:published_time\" content=\"2023-03-31T08:11:16+00:00\" \/>\n<meta property=\"article:modified_time\" content=\"2023-03-31T08:11:18+00:00\" \/>\n<meta property=\"og:image\" content=\"https:\/\/laligaupdate.com\/vn\/wp-content\/uploads\/sites\/5\/2023\/03\/image_2023_03_30T07_42_11_035Z.png\" \/>\n\t<meta property=\"og:image:width\" content=\"2160\" \/>\n\t<meta property=\"og:image:height\" content=\"2160\" \/>\n\t<meta property=\"og:image:type\" content=\"image\/png\" \/>\n<meta name=\"author\" content=\"Jane\" \/>\n<meta name=\"twitter:card\" content=\"summary_large_image\" \/>\n<meta name=\"twitter:label1\" content=\"\u0110\u01b0\u1ee3c vi\u1ebft b\u1edfi\" \/>\n\t<meta name=\"twitter:data1\" content=\"Jane\" \/>\n\t<meta name=\"twitter:label2\" content=\"\u01af\u1edbc t\u00ednh th\u1eddi gian \u0111\u1ecdc\" \/>\n\t<meta name=\"twitter:data2\" content=\"3 ph\u00fat\" \/>\n<script type=\"application\/ld+json\" class=\"yoast-schema-graph\">{\"@context\":\"https:\/\/schema.org\",\"@graph\":[{\"@type\":\"Article\",\"@id\":\"https:\/\/laligaupdate.com\/vn\/du-doan-real-madrid-vs-valladolid-laliga-vong-27\/#article\",\"isPartOf\":{\"@id\":\"https:\/\/laligaupdate.com\/vn\/du-doan-real-madrid-vs-valladolid-laliga-vong-27\/\"},\"author\":{\"name\":\"Jane\",\"@id\":\"https:\/\/laligaupdate.com\/vn\/#\/schema\/person\/a2557bdd00a14d93cd525314480ff6fc\"},\"headline\":\"D\u1ef1 \u0111o\u00e1n Real Madrid vs Valladolid \u2013 La Liga MD 27&nbsp;\",\"datePublished\":\"2023-03-31T08:11:16+00:00\",\"dateModified\":\"2023-03-31T08:11:18+00:00\",\"mainEntityOfPage\":{\"@id\":\"https:\/\/laligaupdate.com\/vn\/du-doan-real-madrid-vs-valladolid-laliga-vong-27\/\"},\"wordCount\":688,\"publisher\":{\"@id\":\"https:\/\/laligaupdate.com\/vn\/#organization\"},\"keywords\":[\"LaLiga 2022-2023\",\"Real Madrid\",\"Valladolid\"],\"articleSection\":[\"Tin T\u1ee9c LaLiga\"],\"inLanguage\":\"vi\"},{\"@type\":\"WebPage\",\"@id\":\"https:\/\/laligaupdate.com\/vn\/du-doan-real-madrid-vs-valladolid-laliga-vong-27\/\",\"url\":\"https:\/\/laligaupdate.com\/vn\/du-doan-real-madrid-vs-valladolid-laliga-vong-27\/\",\"name\":\"D\u1ef1 \u0111o\u00e1n Real Madrid vs Valladolid \u2013 La Liga MD 27\u00a0\",\"isPartOf\":{\"@id\":\"https:\/\/laligaupdate.com\/vn\/#website\"},\"datePublished\":\"2023-03-31T08:11:16+00:00\",\"dateModified\":\"2023-03-31T08:11:18+00:00\",\"description\":\"Real Madrid\u00a0vs Valladolid \u2013 D\u1ef1 \u0111o\u00e1n gi\u1ea3i La Liga \u2013 Los Blancos t\u00ecm c\u00e1ch l\u1ea5y l\u1ea1i phong \u0111\u1ed9 sau tr\u1eadn thua \u1edf \u201cEl Clasico\u201d khi ch\u00e0o \u0111\u00f3n Real Valladolid tr\u00ean s\u00e2n nh\u00e0 Estadio Santiago Bernabeu.\u00a0\",\"breadcrumb\":{\"@id\":\"https:\/\/laligaupdate.com\/vn\/du-doan-real-madrid-vs-valladolid-laliga-vong-27\/#breadcrumb\"},\"inLanguage\":\"vi\",\"potentialAction\":[{\"@type\":\"ReadAction\",\"target\":[\"https:\/\/laligaupdate.com\/vn\/du-doan-real-madrid-vs-valladolid-laliga-vong-27\/\"]}]},{\"@type\":\"BreadcrumbList\",\"@id\":\"https:\/\/laligaupdate.com\/vn\/du-doan-real-madrid-vs-valladolid-laliga-vong-27\/#breadcrumb\",\"itemListElement\":[{\"@type\":\"ListItem\",\"position\":1,\"name\":\"Trang ch\u1ee7\",\"item\":\"https:\/\/laligaupdate.com\/vn\/\"},{\"@type\":\"ListItem\",\"position\":2,\"name\":\"Tin T\u1ee9c LaLiga\",\"item\":\"https:\/\/laligaupdate.com\/vn\/category\/laliga-news\/\"},{\"@type\":\"ListItem\",\"position\":3,\"name\":\"D\u1ef1 \u0111o\u00e1n Real Madrid vs Valladolid \u2013 La Liga MD 27&nbsp;\"}]},{\"@type\":\"WebSite\",\"@id\":\"https:\/\/laligaupdate.com\/vn\/#website\",\"url\":\"https:\/\/laligaupdate.com\/vn\/\",\"name\":\"C\u1eadp nh\u1eadt La Liga\",\"description\":\"L\u00e0 trung t\u00e2m cung c\u1ea5p m\u1ecdi th\u1ee9 v\u1ec1 b\u00f3ng \u0111\u00e1 T\u00e2y Ban Nha.\",\"publisher\":{\"@id\":\"https:\/\/laligaupdate.com\/vn\/#organization\"},\"potentialAction\":[{\"@type\":\"SearchAction\",\"target\":{\"@type\":\"EntryPoint\",\"urlTemplate\":\"https:\/\/laligaupdate.com\/vn\/?s={search_term_string}\"},\"query-input\":\"required name=search_term_string\"}],\"inLanguage\":\"vi\"},{\"@type\":\"Organization\",\"@id\":\"https:\/\/laligaupdate.com\/vn\/#organization\",\"name\":\"C\u1eadp nh\u1eadt La Liga\",\"url\":\"https:\/\/laligaupdate.com\/vn\/\",\"logo\":{\"@type\":\"ImageObject\",\"inLanguage\":\"vi\",\"@id\":\"https:\/\/laligaupdate.com\/vn\/#\/schema\/logo\/image\/\",\"url\":\"https:\/\/laligaupdate.com\/vn\/wp-content\/uploads\/sites\/5\/2023\/06\/2288340e-0a23-4257-89c8-ac62c3db799c.png\",\"contentUrl\":\"https:\/\/laligaupdate.com\/vn\/wp-content\/uploads\/sites\/5\/2023\/06\/2288340e-0a23-4257-89c8-ac62c3db799c.png\",\"width\":696,\"height\":331,\"caption\":\"C\u1eadp nh\u1eadt La Liga\"},\"image\":{\"@id\":\"https:\/\/laligaupdate.com\/vn\/#\/schema\/logo\/image\/\"}},{\"@type\":\"Person\",\"@id\":\"https:\/\/laligaupdate.com\/vn\/#\/schema\/person\/a2557bdd00a14d93cd525314480ff6fc\",\"name\":\"Jane\",\"image\":{\"@type\":\"ImageObject\",\"inLanguage\":\"vi\",\"@id\":\"https:\/\/laligaupdate.com\/vn\/#\/schema\/person\/image\/\",\"url\":\"https:\/\/secure.gravatar.com\/avatar\/1a5281b7800623fd8fb890b3a25490b707425cd404a09f05b4edcc73482dc0b8?s=96&d=mm&r=g\",\"contentUrl\":\"https:\/\/secure.gravatar.com\/avatar\/1a5281b7800623fd8fb890b3a25490b707425cd404a09f05b4edcc73482dc0b8?s=96&d=mm&r=g\",\"caption\":\"Jane\"},\"url\":\"https:\/\/laligaupdate.com\/vn\/author\/janeh\/\"}]}<\/script>\n<!-- \/ Yoast SEO plugin. -->","yoast_head_json":{"title":"D\u1ef1 \u0111o\u00e1n Real Madrid vs Valladolid \u2013 La Liga MD 27\u00a0","description":"Real Madrid\u00a0vs Valladolid \u2013 D\u1ef1 \u0111o\u00e1n gi\u1ea3i La Liga \u2013 Los Blancos t\u00ecm c\u00e1ch l\u1ea5y l\u1ea1i phong \u0111\u1ed9 sau tr\u1eadn thua \u1edf \u201cEl Clasico\u201d khi ch\u00e0o \u0111\u00f3n Real Valladolid tr\u00ean s\u00e2n nh\u00e0 Estadio Santiago Bernabeu.\u00a0","robots":{"index":"index","follow":"follow","max-snippet":"max-snippet:-1","max-image-preview":"max-image-preview:large","max-video-preview":"max-video-preview:-1"},"canonical":"https:\/\/laligaupdate.com\/vn\/du-doan-real-madrid-vs-valladolid-laliga-vong-27\/","og_locale":"vi_VN","og_type":"article","og_title":"D\u1ef1 \u0111o\u00e1n Real Madrid vs Valladolid \u2013 La Liga MD 27\u00a0","og_description":"Real Madrid\u00a0vs Valladolid \u2013 D\u1ef1 \u0111o\u00e1n gi\u1ea3i La Liga \u2013 Los Blancos t\u00ecm c\u00e1ch l\u1ea5y l\u1ea1i phong \u0111\u1ed9 sau tr\u1eadn thua \u1edf \u201cEl Clasico\u201d khi ch\u00e0o \u0111\u00f3n Real Valladolid tr\u00ean s\u00e2n nh\u00e0 Estadio Santiago Bernabeu.\u00a0","og_url":"https:\/\/laligaupdate.com\/vn\/du-doan-real-madrid-vs-valladolid-laliga-vong-27\/","og_site_name":"C\u1eadp nh\u1eadt La Liga","article_published_time":"2023-03-31T08:11:16+00:00","article_modified_time":"2023-03-31T08:11:18+00:00","og_image":[{"width":2160,"height":2160,"url":"https:\/\/laligaupdate.com\/vn\/wp-content\/uploads\/sites\/5\/2023\/03\/image_2023_03_30T07_42_11_035Z.png","type":"image\/png"}],"author":"Jane","twitter_card":"summary_large_image","twitter_misc":{"\u0110\u01b0\u1ee3c vi\u1ebft b\u1edfi":"Jane","\u01af\u1edbc t\u00ednh th\u1eddi gian \u0111\u1ecdc":"3 ph\u00fat"},"schema":{"@context":"https:\/\/schema.org","@graph":[{"@type":"Article","@id":"https:\/\/laligaupdate.com\/vn\/du-doan-real-madrid-vs-valladolid-laliga-vong-27\/#article","isPartOf":{"@id":"https:\/\/laligaupdate.com\/vn\/du-doan-real-madrid-vs-valladolid-laliga-vong-27\/"},"author":{"name":"Jane","@id":"https:\/\/laligaupdate.com\/vn\/#\/schema\/person\/a2557bdd00a14d93cd525314480ff6fc"},"headline":"D\u1ef1 \u0111o\u00e1n Real Madrid vs Valladolid \u2013 La Liga MD 27&nbsp;","datePublished":"2023-03-31T08:11:16+00:00","dateModified":"2023-03-31T08:11:18+00:00","mainEntityOfPage":{"@id":"https:\/\/laligaupdate.com\/vn\/du-doan-real-madrid-vs-valladolid-laliga-vong-27\/"},"wordCount":688,"publisher":{"@id":"https:\/\/laligaupdate.com\/vn\/#organization"},"keywords":["LaLiga 2022-2023","Real Madrid","Valladolid"],"articleSection":["Tin T\u1ee9c LaLiga"],"inLanguage":"vi"},{"@type":"WebPage","@id":"https:\/\/laligaupdate.com\/vn\/du-doan-real-madrid-vs-valladolid-laliga-vong-27\/","url":"https:\/\/laligaupdate.com\/vn\/du-doan-real-madrid-vs-valladolid-laliga-vong-27\/","name":"D\u1ef1 \u0111o\u00e1n Real Madrid vs Valladolid \u2013 La Liga MD 27\u00a0","isPartOf":{"@id":"https:\/\/laligaupdate.com\/vn\/#website"},"datePublished":"2023-03-31T08:11:16+00:00","dateModified":"2023-03-31T08:11:18+00:00","description":"Real Madrid\u00a0vs Valladolid \u2013 D\u1ef1 \u0111o\u00e1n gi\u1ea3i La Liga \u2013 Los Blancos t\u00ecm c\u00e1ch l\u1ea5y l\u1ea1i phong \u0111\u1ed9 sau tr\u1eadn thua \u1edf \u201cEl Clasico\u201d khi ch\u00e0o \u0111\u00f3n Real Valladolid tr\u00ean s\u00e2n nh\u00e0 Estadio Santiago Bernabeu.\u00a0","breadcrumb":{"@id":"https:\/\/laligaupdate.com\/vn\/du-doan-real-madrid-vs-valladolid-laliga-vong-27\/#breadcrumb"},"inLanguage":"vi","potentialAction":[{"@type":"ReadAction","target":["https:\/\/laligaupdate.com\/vn\/du-doan-real-madrid-vs-valladolid-laliga-vong-27\/"]}]},{"@type":"BreadcrumbList","@id":"https:\/\/laligaupdate.com\/vn\/du-doan-real-madrid-vs-valladolid-laliga-vong-27\/#breadcrumb","itemListElement":[{"@type":"ListItem","position":1,"name":"Trang ch\u1ee7","item":"https:\/\/laligaupdate.com\/vn\/"},{"@type":"ListItem","position":2,"name":"Tin T\u1ee9c LaLiga","item":"https:\/\/laligaupdate.com\/vn\/category\/laliga-news\/"},{"@type":"ListItem","position":3,"name":"D\u1ef1 \u0111o\u00e1n Real Madrid vs Valladolid \u2013 La Liga MD 27&nbsp;"}]},{"@type":"WebSite","@id":"https:\/\/laligaupdate.com\/vn\/#website","url":"https:\/\/laligaupdate.com\/vn\/","name":"C\u1eadp nh\u1eadt La Liga","description":"L\u00e0 trung t\u00e2m cung c\u1ea5p m\u1ecdi th\u1ee9 v\u1ec1 b\u00f3ng \u0111\u00e1 T\u00e2y Ban Nha.","publisher":{"@id":"https:\/\/laligaupdate.com\/vn\/#organization"},"potentialAction":[{"@type":"SearchAction","target":{"@type":"EntryPoint","urlTemplate":"https:\/\/laligaupdate.com\/vn\/?s={search_term_string}"},"query-input":"required name=search_term_string"}],"inLanguage":"vi"},{"@type":"Organization","@id":"https:\/\/laligaupdate.com\/vn\/#organization","name":"C\u1eadp nh\u1eadt La Liga","url":"https:\/\/laligaupdate.com\/vn\/","logo":{"@type":"ImageObject","inLanguage":"vi","@id":"https:\/\/laligaupdate.com\/vn\/#\/schema\/logo\/image\/","url":"https:\/\/laligaupdate.com\/vn\/wp-content\/uploads\/sites\/5\/2023\/06\/2288340e-0a23-4257-89c8-ac62c3db799c.png","contentUrl":"https:\/\/laligaupdate.com\/vn\/wp-content\/uploads\/sites\/5\/2023\/06\/2288340e-0a23-4257-89c8-ac62c3db799c.png","width":696,"height":331,"caption":"C\u1eadp nh\u1eadt La Liga"},"image":{"@id":"https:\/\/laligaupdate.com\/vn\/#\/schema\/logo\/image\/"}},{"@type":"Person","@id":"https:\/\/laligaupdate.com\/vn\/#\/schema\/person\/a2557bdd00a14d93cd525314480ff6fc","name":"Jane","image":{"@type":"ImageObject","inLanguage":"vi","@id":"https:\/\/laligaupdate.com\/vn\/#\/schema\/person\/image\/","url":"https:\/\/secure.gravatar.com\/avatar\/1a5281b7800623fd8fb890b3a25490b707425cd404a09f05b4edcc73482dc0b8?s=96&d=mm&r=g","contentUrl":"https:\/\/secure.gravatar.com\/avatar\/1a5281b7800623fd8fb890b3a25490b707425cd404a09f05b4edcc73482dc0b8?s=96&d=mm&r=g","caption":"Jane"},"url":"https:\/\/laligaupdate.com\/vn\/author\/janeh\/"}]}},"_links":{"self":[{"href":"https:\/\/laligaupdate.com\/vn\/wp-json\/wp\/v2\/posts\/1805","targetHints":{"allow":["GET"]}}],"collection":[{"href":"https:\/\/laligaupdate.com\/vn\/wp-json\/wp\/v2\/posts"}],"about":[{"href":"https:\/\/laligaupdate.com\/vn\/wp-json\/wp\/v2\/types\/post"}],"author":[{"embeddable":true,"href":"https:\/\/laligaupdate.com\/vn\/wp-json\/wp\/v2\/users\/22"}],"replies":[{"embeddable":true,"href":"https:\/\/laligaupdate.com\/vn\/wp-json\/wp\/v2\/comments?post=1805"}],"version-history":[{"count":1,"href":"https:\/\/laligaupdate.com\/vn\/wp-json\/wp\/v2\/posts\/1805\/revisions"}],"predecessor-version":[{"id":1810,"href":"https:\/\/laligaupdate.com\/vn\/wp-json\/wp\/v2\/posts\/1805\/revisions\/1810"}],"wp:featuredmedia":[{"embeddable":true,"href":"https:\/\/laligaupdate.com\/vn\/wp-json\/wp\/v2\/media\/1809"}],"wp:attachment":[{"href":"https:\/\/laligaupdate.com\/vn\/wp-json\/wp\/v2\/media?parent=1805"}],"wp:term":[{"taxonomy":"category","embeddable":true,"href":"https:\/\/laligaupdate.com\/vn\/wp-json\/wp\/v2\/categories?post=1805"},{"taxonomy":"post_tag","embeddable":true,"href":"https:\/\/laligaupdate.com\/vn\/wp-json\/wp\/v2\/tags?post=1805"}],"curies":[{"name":"wp","href":"https:\/\/api.w.org\/{rel}","templated":true}]}}