{"id":1906,"date":"2023-04-24T01:01:01","date_gmt":"2023-04-24T01:01:01","guid":{"rendered":"https:\/\/laligaupdate.com\/vn\/?p=1906"},"modified":"2023-04-24T02:31:24","modified_gmt":"2023-04-24T02:31:24","slug":"real-madrid-2-0-celta-vigo-ket-qua-vong-30-laliga","status":"publish","type":"post","link":"https:\/\/laligaupdate.com\/vn\/real-madrid-2-0-celta-vigo-ket-qua-vong-30-laliga\/","title":{"rendered":"Real Madrid 2-0 Celta Vigo \u2013 K\u1ebft qu\u1ea3 V\u00f2ng 30 La Liga&nbsp;"},"content":{"rendered":"\n<p><a href=\"https:\/\/laligaupdate.com\/vn\/laliga-clubs\/cau-lac-bo-real-madrid\/\" target=\"_blank\" rel=\"noreferrer noopener\">Real Madrid<\/a>&nbsp;2-0&nbsp;<a href=\"https:\/\/laligaupdate.com\/vn\/laliga-clubs\/cau-lac-bo-celta-vigo\/\" target=\"_blank\" rel=\"noreferrer noopener\">Celta Vigo<\/a>&nbsp;&#8211; Marco Asensio v\u00e0 Eder Militao ghi b\u00e0n \u0111\u1ec3 k\u00e9o d\u00e0i chu\u1ed7i tr\u1eadn th\u1eafng c\u1ee7a Los Blancos t\u1ea1i&nbsp;La Liga&nbsp;tr\u01b0\u1edbc \u0111\u1ed1i th\u1ee7 y\u00eau th\u00edch c\u1ee7a h\u1ecd l\u00e0 Vigo.<\/p>\n\n\n\n<p>\u0110\u1ed9i b\u00f3ng c\u1ee7a Carlo Ancelotti ghi chi\u1ebfn th\u1eafng 2-0&nbsp;d\u1ec5 d\u00e0ng tr\u01b0\u1edbc Celta Vigo \u1edf <a href=\"https:\/\/laligaupdate.com\/vn\/\" target=\"_blank\" rel=\"noreferrer noopener\">La Liga 2022\/23<\/a> V\u00f2ng 30.&nbsp;<\/p>\n\n\n\n<p><a href=\"https:\/\/laligaupdate.com\/vn\/\" target=\"_blank\" rel=\"noreferrer noopener\">C\u1eadp nh\u1eadt tin t\u1ee9c m\u1edbi La Liga t\u1ea1i \u0111\u00e2y<\/a> &nbsp;<\/p>\n\n\n\n<p><a href=\"https:\/\/record.brave158.com\/_cvKXN19j5PQlu5cdA8BczmNd7ZgqdRLk\/3\/\" target=\"_blank\" rel=\"noreferrer noopener\">Nh\u1eadn Khuy\u1ebfn m\u00e3i m\u1edbi nh\u1ea5t c\u1ee7a M88 Mansion x La Liga t\u1ea1i \u0111\u00e2y<\/a>&nbsp;&nbsp;&nbsp;&nbsp;&nbsp;<\/p>\n\n\n\n<p><a href=\"https:\/\/laligaupdate.com\/vn\/2023\/04\/03\/enes-unal-cau-thu-xuat-sac-nhat-thang-ba-2023\/\">Enes Unal \u2013 C\u1ea7u th\u1ee7 xu\u1ea5t s\u1eafc nh\u1ea5t th\u00e1ng Ba 2023 <\/a><\/p>\n\n\n\n<p><a href=\"https:\/\/laligaupdate.com\/vn\/2023\/04\/24\/lich-thi-dau-va-bang-xep-hang-vong-30-laliga\/\">L\u1ecbch thi \u0111\u1ea5u v\u00e0 b\u1ea3ng x\u1ebfp h\u1ea1ng V\u00f2ng 30 La Liga\u00a0<\/a><\/p>\n\n\n\n<h3 class=\"wp-block-heading\">Real Madrid 2-0 Celta Vigo \u2013 Highlights&nbsp;<\/h3>\n\n\n\n<p>Los Blancos tr\u00e0n \u0111\u1ea7y t\u1ef1 tin khi b\u01b0\u1edbc v\u00e0o tr\u1eadn \u0111\u1ea5u v\u1edbi \u0111\u1ed1i th\u1ee7 m\u00e0 h\u1ecd ch\u01b0a t\u1eebng thua \u1edf gi\u1ea3i \u0111\u1ea5u h\u00e0ng \u0111\u1ea7u T\u00e2y Ban Nha trong nhi\u1ec1u n\u0103m qua. &nbsp;<\/p>\n\n\n\n<p>Ancelotti \u0111\u1ec3 Luka Modric v\u00e0 Toni Kroos ng\u1ed3i d\u1ef1 b\u1ecb, nh\u01b0ng \u0111i\u1ec1u \u0111\u00f3 kh\u00f4ng khi\u1ebfn \u0111\u1ed9i ch\u1ee7 nh\u00e0 thi \u0111\u1ea5u k\u00e9m hi\u1ec7u qu\u1ea3 h\u01a1n.&nbsp;<\/p>\n\n\n\n<p>Asensio c\u00f3 m\u1ed9t c\u00fa s\u00fat v\u1ecdt x\u00e0 ngang, trong khi Aurelien Tchouameni v\u00e0 Karim Benzema l\u1ea7n l\u01b0\u1ee3t tung ra nh\u1eefng pha d\u1ee9t \u0111i\u1ec3m c\u1eadn th\u00e0nh su\u00fdt m\u1edf t\u1ef7 s\u1ed1.&nbsp;<\/p>\n\n\n\n<p>G\u1ea7n cu\u1ed1i hi\u1ec7p m\u1ed9t, Vinicius Junior th\u1ef1c hi\u1ec7n m\u1ed9t qu\u1ea3 t\u1ea1t t\u1ea7m th\u1ea5p t\u1eeb c\u00e1nh tr\u00e1i chuy\u1ec1n \u0111\u1ebfn&nbsp;Asensio, ng\u01b0\u1eddi \u0111\u00e3 \u0111\u1ec7m b\u00f3ng v\u00e0o g\u00f3c ph\u1ea3i khai th\u00f4ng th\u1ebf b\u1ebf t\u1eafc.&nbsp;<\/p>\n\n\n\n<figure class=\"wp-block-image size-large\"><img loading=\"lazy\" decoding=\"async\" width=\"1024\" height=\"683\" src=\"https:\/\/laligaupdate.com\/vn\/wp-content\/uploads\/sites\/5\/2023\/04\/1-5-1024x683.jpeg\" alt=\"\" class=\"wp-image-1907\" srcset=\"https:\/\/laligaupdate.com\/vn\/wp-content\/uploads\/sites\/5\/2023\/04\/1-5-1024x683.jpeg 1024w, https:\/\/laligaupdate.com\/vn\/wp-content\/uploads\/sites\/5\/2023\/04\/1-5-300x200.jpeg 300w, https:\/\/laligaupdate.com\/vn\/wp-content\/uploads\/sites\/5\/2023\/04\/1-5-768x512.jpeg 768w, https:\/\/laligaupdate.com\/vn\/wp-content\/uploads\/sites\/5\/2023\/04\/1-5-590x393.jpeg 590w, https:\/\/laligaupdate.com\/vn\/wp-content\/uploads\/sites\/5\/2023\/04\/1-5.jpeg 1200w\" sizes=\"auto, (max-width: 1024px) 100vw, 1024px\" \/><figcaption class=\"wp-element-caption\">Asensio ghi b\u00e0n cho Real Madrid<\/figcaption><\/figure>\n\n\n\n<p>\u0110\u00e2y l\u00e0 b\u00e0n th\u1eafng th\u1ee9 8 c\u1ee7a ti\u1ec1n \u0111\u1ea1o ng\u01b0\u1eddi T\u00e2y Ban Nha \u1edf gi\u1ea3i qu\u1ed1c n\u1ed9i v\u00e0 l\u00e0 pha ki\u1ebfn t\u1ea1o th\u1ee9 7 c\u1ee7a Vinicius.&nbsp;<\/p>\n\n\n\n<p>\u1ede ph\u00fat th\u1ee9 48, Militao th\u1ef1c hi\u1ec7n m\u1ed9t c\u00fa \u0111\u00e1nh \u0111\u1ea7u d\u0169ng m\u00e3nh&nbsp;t\u1eeb pha ph\u1ea1t g\u00f3c \u0111\u1ea7y kh\u00f3 ch\u1ecbu c\u1ee7a Asensio t\u1eeb c\u00e1nh ph\u1ea3i \u0111\u00e3 nh\u00e2n \u0111\u00f4i c\u00e1ch bi\u1ec7t cho Madrid.&nbsp;\u0110\u00e2y l\u00e0 b\u00e0n th\u1eafng th\u1ee9 5 c\u1ee7a h\u1eadu v\u1ec7 ng\u01b0\u1eddi Brazil \u1edf m\u00f9a gi\u1ea3i n\u00e0y, v\u00e0 t\u1ea5t c\u1ea3 \u0111\u1ec1u t\u1eeb nh\u1eefng pha \u0111\u00e1nh \u0111\u1ea7u.&nbsp;<\/p>\n\n\n\n<p>Ch\u00e2n s\u00fat Iago Aspas c\u1ee7a Celta c\u1ed1 g\u1eafng ghi b\u00e0n nh\u01b0ng c\u00fa s\u00fat c\u1ee7a anh l\u1ea1i \u0111i v\u1ecdt x\u00e0 ngang khung th\u00e0nh \u0111\u1ed9i ch\u1ee7 nh\u00e0.&nbsp;Karim Benzema su\u00fdt n\u00e2ng t\u1ef7 s\u1ed1 l\u00ean 3-0 khi c\u00fa \u0111\u00e1nh \u0111\u1ea7u c\u1ee7a anh b\u1ecb Ivan Villar c\u1ea3n ph\u00e1 xu\u1ea5t s\u1eafc trong c\u1ed9t d\u1ecdc c\u1ee7a Cetla.&nbsp;<\/p>\n\n\n\n<p>L\u1ee3i th\u1ebf d\u1eabn tr\u01b0\u1edbc 2 b\u00e0n \u0111\u00e3 \u0111\u01b0\u1ee3c \u0111\u1ea3m b\u1ea3o v\u00e0 Madrid \u0111\u00e3 gi\u00e0nh chi\u1ebfn th\u1eafng trong tr\u1eadn \u0111\u1ea5u th\u1ee9 16 tr\u01b0\u1edbc Os Celestes, v\u1edbi chu\u1ed7i tr\u1eadn \u1ea5n t\u01b0\u1ee3ng sau 18 tr\u1eadn t\u1ea1i La Liga (th\u1eafng 16, h\u00f2a 2).&nbsp;<\/p>\n\n\n\n<figure class=\"wp-block-image size-full\"><img loading=\"lazy\" decoding=\"async\" width=\"640\" height=\"442\" src=\"https:\/\/laligaupdate.com\/vn\/wp-content\/uploads\/sites\/5\/2023\/04\/2-4.jpeg\" alt=\"\" class=\"wp-image-1908\" srcset=\"https:\/\/laligaupdate.com\/vn\/wp-content\/uploads\/sites\/5\/2023\/04\/2-4.jpeg 640w, https:\/\/laligaupdate.com\/vn\/wp-content\/uploads\/sites\/5\/2023\/04\/2-4-300x207.jpeg 300w, https:\/\/laligaupdate.com\/vn\/wp-content\/uploads\/sites\/5\/2023\/04\/2-4-590x407.jpeg 590w\" sizes=\"auto, (max-width: 640px) 100vw, 640px\" \/><figcaption class=\"wp-element-caption\">Militao ghi b\u00e0n cho Madrid<\/figcaption><\/figure>\n\n\n\n<h3 class=\"wp-block-heading\">M\u1ed9t chi\u1ebfn th\u1eafng v\u00e0 m\u1ed9t \u0111\u1ed9i h\u00ecnh phong \u0111\u1ed9 cho nh\u1eefng tu\u1ea7n kh\u00f3 kh\u0103n s\u1eafp t\u1edbi&nbsp;<\/h3>\n\n\n\n<p>K\u1ebft qu\u1ea3 n\u00e0y kh\u00f4ng h\u1eb3n l\u00e0 b\u1ea5t ng\u1edd.&nbsp;X\u00e9t cho c\u00f9ng, Madrid b\u01b0\u1edbc v\u00e0o tr\u1eadn \u0111\u1ea5u m\u00e0 kh\u00f4ng thua tr\u1eadn n\u00e0o trong 17 tr\u1eadn g\u1ea7n nh\u1ea5t g\u1eb7p Celta \u1edf La Liga (th\u1eafng 15, h\u00f2a 2).&nbsp;<\/p>\n\n\n\n<p>B\u00ean c\u1ea1nh 3 \u0111i\u1ec3m, \u0111o\u00e0n qu\u00e2n c\u1ee7a Ancelotti ch\u1ee9ng minh chi\u1ec1u s\u00e2u \u0111\u1ed9i h\u00ecnh \u1ea5n t\u01b0\u1ee3ng ra sao&nbsp;khi h\u1ecd chu\u1ea9n b\u1ecb cho nh\u1eefng tr\u1eadn \u0111\u1ea5u c\u0103ng th\u1eb3ng trong 6 tu\u1ea7n t\u1edbi tr\u00ean m\u1ecdi \u0111\u1ea5u tr\u01b0\u1eddng.&nbsp;<\/p>\n\n\n\n<p>Hu\u1ea5n luy\u1ec7n vi\u00ean Ancelotti th\u1ef1c hi\u1ec7n 5 s\u1ef1 thay \u0111\u1ed5i, trong \u0111\u00f3 ch\u1ec9 c\u00f3 1 ng\u01b0\u1eddi bu\u1ed9c ph\u1ea3i thay do David Alaba ch\u1ea5n th\u01b0\u01a1ng, v\u00e0 nh\u1eefng c\u1ea7u th\u1ee7 v\u00e0o s\u00e2n trong \u0111\u00f3 c\u00f3 Asensio, \u0111\u00e3 ch\u1ee9ng t\u1ecf \u0111\u01b0\u1ee3c gi\u00e1 tr\u1ecb c\u1ee7a m\u00ecnh.&nbsp;<\/p>\n\n\n\n<h3 class=\"wp-block-heading\">Di\u1ec5n bi\u1ebfn k\u1ebf ti\u1ebfp&nbsp;<\/h3>\n\n\n\n<p>Real Madrid h\u00e0nh qu\u00e2n t\u1edbi Girona v\u00e0o th\u1ee9 Ba trong tr\u1eadn \u0111\u1ea5u ti\u1ebfp theo t\u1ea1i LaLiga, trong khi h\u1ecd \u0111ang ch\u1edd xem li\u1ec7u \u0111\u1ed1i th\u1ee7 Barca c\u00f3 th\u1ea5t b\u1ea1i tr\u01b0\u1edbc Atletico Madrid trong tr\u1eadn \u0111\u1ea5u h\u1ea5p d\u1eabn nh\u1ea5t v\u00f2ng n\u00e0y hay kh\u00f4ng.&nbsp;<\/p>\n","protected":false},"excerpt":{"rendered":"<p>Real Madrid&nbsp;2-0&nbsp;Celta Vigo&nbsp;&#8211; Marco Asensio v\u00e0 Eder Militao ghi b\u00e0n \u0111\u1ec3 k\u00e9o d\u00e0i chu\u1ed7i tr\u1eadn th\u1eafng c\u1ee7a Los Blancos t\u1ea1i&nbsp;La Liga&nbsp;tr\u01b0\u1edbc \u0111\u1ed1i th\u1ee7 y\u00eau th\u00edch c\u1ee7a h\u1ecd l\u00e0 Vigo. \u0110\u1ed9i b\u00f3ng c\u1ee7a Carlo Ancelotti ghi chi\u1ebfn th\u1eafng 2-0&nbsp;d\u1ec5 d\u00e0ng tr\u01b0\u1edbc Celta Vigo \u1edf La Liga 2022\/23 V\u00f2ng 30.&nbsp; C\u1eadp nh\u1eadt tin t\u1ee9c m\u1edbi La Liga [&hellip;]<\/p>\n","protected":false},"author":22,"featured_media":1909,"comment_status":"closed","ping_status":"closed","sticky":true,"template":"","format":"standard","meta":{"footnotes":""},"categories":[100,134],"tags":[335,250,58],"class_list":["post-1906","post","type-post","status-publish","format-standard","has-post-thumbnail","hentry","category-laliga-news","category-laliga-matches","tag-celta-vigo","tag-laliga-2022-2023","tag-real-madrid"],"yoast_head":"<!-- This site is optimized with the Yoast SEO plugin v21.3 - https:\/\/yoast.com\/wordpress\/plugins\/seo\/ -->\n<title>Real Madrid 2-0 Celta Vigo \u2013 K\u1ebft qu\u1ea3 V\u00f2ng 30 La Liga\u00a0<\/title>\n<meta name=\"description\" content=\"Real Madrid\u00a02-0\u00a0Celta Vigo\u00a0- Marco Asensio v\u00e0 Eder Militao ghi b\u00e0n \u0111\u1ec3 k\u00e9o d\u00e0i chu\u1ed7i tr\u1eadn th\u1eafng c\u1ee7a Los Blancos t\u1ea1i\u00a0La Liga\u00a0tr\u01b0\u1edbc \u0111\u1ed1i th\u1ee7 y\u00eau th\u00edch c\u1ee7a h\u1ecd l\u00e0 Vigo.\" \/>\n<meta name=\"robots\" content=\"index, follow, max-snippet:-1, max-image-preview:large, max-video-preview:-1\" \/>\n<link rel=\"canonical\" href=\"https:\/\/laligaupdate.com\/vn\/real-madrid-2-0-celta-vigo-ket-qua-vong-30-laliga\/\" \/>\n<meta property=\"og:locale\" content=\"vi_VN\" \/>\n<meta property=\"og:type\" content=\"article\" \/>\n<meta property=\"og:title\" content=\"Real Madrid 2-0 Celta Vigo \u2013 K\u1ebft qu\u1ea3 V\u00f2ng 30 La Liga\u00a0\" \/>\n<meta property=\"og:description\" content=\"Real Madrid\u00a02-0\u00a0Celta Vigo\u00a0- Marco Asensio v\u00e0 Eder Militao ghi b\u00e0n \u0111\u1ec3 k\u00e9o d\u00e0i chu\u1ed7i tr\u1eadn th\u1eafng c\u1ee7a Los Blancos t\u1ea1i\u00a0La Liga\u00a0tr\u01b0\u1edbc \u0111\u1ed1i th\u1ee7 y\u00eau th\u00edch c\u1ee7a h\u1ecd l\u00e0 Vigo.\" \/>\n<meta property=\"og:url\" content=\"https:\/\/laligaupdate.com\/vn\/real-madrid-2-0-celta-vigo-ket-qua-vong-30-laliga\/\" \/>\n<meta property=\"og:site_name\" content=\"C\u1eadp nh\u1eadt La Liga\" \/>\n<meta property=\"article:published_time\" content=\"2023-04-24T01:01:01+00:00\" \/>\n<meta property=\"article:modified_time\" content=\"2023-04-24T02:31:24+00:00\" \/>\n<meta property=\"og:image\" content=\"https:\/\/laligaupdate.com\/vn\/wp-content\/uploads\/sites\/5\/2023\/04\/3-1.jpg\" \/>\n\t<meta property=\"og:image:width\" content=\"1024\" \/>\n\t<meta property=\"og:image:height\" content=\"768\" \/>\n\t<meta property=\"og:image:type\" content=\"image\/jpeg\" \/>\n<meta name=\"author\" content=\"Jane\" \/>\n<meta name=\"twitter:card\" content=\"summary_large_image\" \/>\n<meta name=\"twitter:label1\" content=\"\u0110\u01b0\u1ee3c vi\u1ebft b\u1edfi\" \/>\n\t<meta name=\"twitter:data1\" content=\"Jane\" \/>\n\t<meta name=\"twitter:label2\" content=\"\u01af\u1edbc t\u00ednh th\u1eddi gian \u0111\u1ecdc\" \/>\n\t<meta name=\"twitter:data2\" content=\"4 ph\u00fat\" \/>\n<script type=\"application\/ld+json\" class=\"yoast-schema-graph\">{\"@context\":\"https:\/\/schema.org\",\"@graph\":[{\"@type\":\"Article\",\"@id\":\"https:\/\/laligaupdate.com\/vn\/real-madrid-2-0-celta-vigo-ket-qua-vong-30-laliga\/#article\",\"isPartOf\":{\"@id\":\"https:\/\/laligaupdate.com\/vn\/real-madrid-2-0-celta-vigo-ket-qua-vong-30-laliga\/\"},\"author\":{\"name\":\"Jane\",\"@id\":\"https:\/\/laligaupdate.com\/vn\/#\/schema\/person\/a2557bdd00a14d93cd525314480ff6fc\"},\"headline\":\"Real Madrid 2-0 Celta Vigo \u2013 K\u1ebft qu\u1ea3 V\u00f2ng 30 La Liga&nbsp;\",\"datePublished\":\"2023-04-24T01:01:01+00:00\",\"dateModified\":\"2023-04-24T02:31:24+00:00\",\"mainEntityOfPage\":{\"@id\":\"https:\/\/laligaupdate.com\/vn\/real-madrid-2-0-celta-vigo-ket-qua-vong-30-laliga\/\"},\"wordCount\":844,\"publisher\":{\"@id\":\"https:\/\/laligaupdate.com\/vn\/#organization\"},\"keywords\":[\"Celta Vigo\",\"LaLiga 2022-2023\",\"Real Madrid\"],\"articleSection\":[\"Tin T\u1ee9c LaLiga\",\"TR\u1eacN \u0110\u1ea4U LALIGA\"],\"inLanguage\":\"vi\"},{\"@type\":\"WebPage\",\"@id\":\"https:\/\/laligaupdate.com\/vn\/real-madrid-2-0-celta-vigo-ket-qua-vong-30-laliga\/\",\"url\":\"https:\/\/laligaupdate.com\/vn\/real-madrid-2-0-celta-vigo-ket-qua-vong-30-laliga\/\",\"name\":\"Real Madrid 2-0 Celta Vigo \u2013 K\u1ebft qu\u1ea3 V\u00f2ng 30 La Liga\u00a0\",\"isPartOf\":{\"@id\":\"https:\/\/laligaupdate.com\/vn\/#website\"},\"datePublished\":\"2023-04-24T01:01:01+00:00\",\"dateModified\":\"2023-04-24T02:31:24+00:00\",\"description\":\"Real Madrid\u00a02-0\u00a0Celta Vigo\u00a0- Marco Asensio v\u00e0 Eder Militao ghi b\u00e0n \u0111\u1ec3 k\u00e9o d\u00e0i chu\u1ed7i tr\u1eadn th\u1eafng c\u1ee7a Los Blancos t\u1ea1i\u00a0La Liga\u00a0tr\u01b0\u1edbc \u0111\u1ed1i th\u1ee7 y\u00eau th\u00edch c\u1ee7a h\u1ecd l\u00e0 Vigo.\",\"breadcrumb\":{\"@id\":\"https:\/\/laligaupdate.com\/vn\/real-madrid-2-0-celta-vigo-ket-qua-vong-30-laliga\/#breadcrumb\"},\"inLanguage\":\"vi\",\"potentialAction\":[{\"@type\":\"ReadAction\",\"target\":[\"https:\/\/laligaupdate.com\/vn\/real-madrid-2-0-celta-vigo-ket-qua-vong-30-laliga\/\"]}]},{\"@type\":\"BreadcrumbList\",\"@id\":\"https:\/\/laligaupdate.com\/vn\/real-madrid-2-0-celta-vigo-ket-qua-vong-30-laliga\/#breadcrumb\",\"itemListElement\":[{\"@type\":\"ListItem\",\"position\":1,\"name\":\"Trang ch\u1ee7\",\"item\":\"https:\/\/laligaupdate.com\/vn\/\"},{\"@type\":\"ListItem\",\"position\":2,\"name\":\"Tin T\u1ee9c LaLiga\",\"item\":\"https:\/\/laligaupdate.com\/vn\/category\/laliga-news\/\"},{\"@type\":\"ListItem\",\"position\":3,\"name\":\"TR\u1eacN \u0110\u1ea4U LALIGA\",\"item\":\"https:\/\/laligaupdate.com\/vn\/category\/laliga-news\/laliga-matches\/\"},{\"@type\":\"ListItem\",\"position\":4,\"name\":\"Real Madrid 2-0 Celta Vigo \u2013 K\u1ebft qu\u1ea3 V\u00f2ng 30 La Liga&nbsp;\"}]},{\"@type\":\"WebSite\",\"@id\":\"https:\/\/laligaupdate.com\/vn\/#website\",\"url\":\"https:\/\/laligaupdate.com\/vn\/\",\"name\":\"C\u1eadp nh\u1eadt La Liga\",\"description\":\"L\u00e0 trung t\u00e2m cung c\u1ea5p m\u1ecdi th\u1ee9 v\u1ec1 b\u00f3ng \u0111\u00e1 T\u00e2y Ban Nha.\",\"publisher\":{\"@id\":\"https:\/\/laligaupdate.com\/vn\/#organization\"},\"potentialAction\":[{\"@type\":\"SearchAction\",\"target\":{\"@type\":\"EntryPoint\",\"urlTemplate\":\"https:\/\/laligaupdate.com\/vn\/?s={search_term_string}\"},\"query-input\":\"required name=search_term_string\"}],\"inLanguage\":\"vi\"},{\"@type\":\"Organization\",\"@id\":\"https:\/\/laligaupdate.com\/vn\/#organization\",\"name\":\"C\u1eadp nh\u1eadt La Liga\",\"url\":\"https:\/\/laligaupdate.com\/vn\/\",\"logo\":{\"@type\":\"ImageObject\",\"inLanguage\":\"vi\",\"@id\":\"https:\/\/laligaupdate.com\/vn\/#\/schema\/logo\/image\/\",\"url\":\"https:\/\/laligaupdate.com\/vn\/wp-content\/uploads\/sites\/5\/2023\/06\/2288340e-0a23-4257-89c8-ac62c3db799c.png\",\"contentUrl\":\"https:\/\/laligaupdate.com\/vn\/wp-content\/uploads\/sites\/5\/2023\/06\/2288340e-0a23-4257-89c8-ac62c3db799c.png\",\"width\":696,\"height\":331,\"caption\":\"C\u1eadp nh\u1eadt La Liga\"},\"image\":{\"@id\":\"https:\/\/laligaupdate.com\/vn\/#\/schema\/logo\/image\/\"}},{\"@type\":\"Person\",\"@id\":\"https:\/\/laligaupdate.com\/vn\/#\/schema\/person\/a2557bdd00a14d93cd525314480ff6fc\",\"name\":\"Jane\",\"image\":{\"@type\":\"ImageObject\",\"inLanguage\":\"vi\",\"@id\":\"https:\/\/laligaupdate.com\/vn\/#\/schema\/person\/image\/\",\"url\":\"https:\/\/secure.gravatar.com\/avatar\/1a5281b7800623fd8fb890b3a25490b707425cd404a09f05b4edcc73482dc0b8?s=96&d=mm&r=g\",\"contentUrl\":\"https:\/\/secure.gravatar.com\/avatar\/1a5281b7800623fd8fb890b3a25490b707425cd404a09f05b4edcc73482dc0b8?s=96&d=mm&r=g\",\"caption\":\"Jane\"},\"url\":\"https:\/\/laligaupdate.com\/vn\/author\/janeh\/\"}]}<\/script>\n<!-- \/ Yoast SEO plugin. -->","yoast_head_json":{"title":"Real Madrid 2-0 Celta Vigo \u2013 K\u1ebft qu\u1ea3 V\u00f2ng 30 La Liga\u00a0","description":"Real Madrid\u00a02-0\u00a0Celta Vigo\u00a0- Marco Asensio v\u00e0 Eder Militao ghi b\u00e0n \u0111\u1ec3 k\u00e9o d\u00e0i chu\u1ed7i tr\u1eadn th\u1eafng c\u1ee7a Los Blancos t\u1ea1i\u00a0La Liga\u00a0tr\u01b0\u1edbc \u0111\u1ed1i th\u1ee7 y\u00eau th\u00edch c\u1ee7a h\u1ecd l\u00e0 Vigo.","robots":{"index":"index","follow":"follow","max-snippet":"max-snippet:-1","max-image-preview":"max-image-preview:large","max-video-preview":"max-video-preview:-1"},"canonical":"https:\/\/laligaupdate.com\/vn\/real-madrid-2-0-celta-vigo-ket-qua-vong-30-laliga\/","og_locale":"vi_VN","og_type":"article","og_title":"Real Madrid 2-0 Celta Vigo \u2013 K\u1ebft qu\u1ea3 V\u00f2ng 30 La Liga\u00a0","og_description":"Real Madrid\u00a02-0\u00a0Celta Vigo\u00a0- Marco Asensio v\u00e0 Eder Militao ghi b\u00e0n \u0111\u1ec3 k\u00e9o d\u00e0i chu\u1ed7i tr\u1eadn th\u1eafng c\u1ee7a Los Blancos t\u1ea1i\u00a0La Liga\u00a0tr\u01b0\u1edbc \u0111\u1ed1i th\u1ee7 y\u00eau th\u00edch c\u1ee7a h\u1ecd l\u00e0 Vigo.","og_url":"https:\/\/laligaupdate.com\/vn\/real-madrid-2-0-celta-vigo-ket-qua-vong-30-laliga\/","og_site_name":"C\u1eadp nh\u1eadt La Liga","article_published_time":"2023-04-24T01:01:01+00:00","article_modified_time":"2023-04-24T02:31:24+00:00","og_image":[{"width":1024,"height":768,"url":"https:\/\/laligaupdate.com\/vn\/wp-content\/uploads\/sites\/5\/2023\/04\/3-1.jpg","type":"image\/jpeg"}],"author":"Jane","twitter_card":"summary_large_image","twitter_misc":{"\u0110\u01b0\u1ee3c vi\u1ebft b\u1edfi":"Jane","\u01af\u1edbc t\u00ednh th\u1eddi gian \u0111\u1ecdc":"4 ph\u00fat"},"schema":{"@context":"https:\/\/schema.org","@graph":[{"@type":"Article","@id":"https:\/\/laligaupdate.com\/vn\/real-madrid-2-0-celta-vigo-ket-qua-vong-30-laliga\/#article","isPartOf":{"@id":"https:\/\/laligaupdate.com\/vn\/real-madrid-2-0-celta-vigo-ket-qua-vong-30-laliga\/"},"author":{"name":"Jane","@id":"https:\/\/laligaupdate.com\/vn\/#\/schema\/person\/a2557bdd00a14d93cd525314480ff6fc"},"headline":"Real Madrid 2-0 Celta Vigo \u2013 K\u1ebft qu\u1ea3 V\u00f2ng 30 La Liga&nbsp;","datePublished":"2023-04-24T01:01:01+00:00","dateModified":"2023-04-24T02:31:24+00:00","mainEntityOfPage":{"@id":"https:\/\/laligaupdate.com\/vn\/real-madrid-2-0-celta-vigo-ket-qua-vong-30-laliga\/"},"wordCount":844,"publisher":{"@id":"https:\/\/laligaupdate.com\/vn\/#organization"},"keywords":["Celta Vigo","LaLiga 2022-2023","Real Madrid"],"articleSection":["Tin T\u1ee9c LaLiga","TR\u1eacN \u0110\u1ea4U LALIGA"],"inLanguage":"vi"},{"@type":"WebPage","@id":"https:\/\/laligaupdate.com\/vn\/real-madrid-2-0-celta-vigo-ket-qua-vong-30-laliga\/","url":"https:\/\/laligaupdate.com\/vn\/real-madrid-2-0-celta-vigo-ket-qua-vong-30-laliga\/","name":"Real Madrid 2-0 Celta Vigo \u2013 K\u1ebft qu\u1ea3 V\u00f2ng 30 La Liga\u00a0","isPartOf":{"@id":"https:\/\/laligaupdate.com\/vn\/#website"},"datePublished":"2023-04-24T01:01:01+00:00","dateModified":"2023-04-24T02:31:24+00:00","description":"Real Madrid\u00a02-0\u00a0Celta Vigo\u00a0- Marco Asensio v\u00e0 Eder Militao ghi b\u00e0n \u0111\u1ec3 k\u00e9o d\u00e0i chu\u1ed7i tr\u1eadn th\u1eafng c\u1ee7a Los Blancos t\u1ea1i\u00a0La Liga\u00a0tr\u01b0\u1edbc \u0111\u1ed1i th\u1ee7 y\u00eau th\u00edch c\u1ee7a h\u1ecd l\u00e0 Vigo.","breadcrumb":{"@id":"https:\/\/laligaupdate.com\/vn\/real-madrid-2-0-celta-vigo-ket-qua-vong-30-laliga\/#breadcrumb"},"inLanguage":"vi","potentialAction":[{"@type":"ReadAction","target":["https:\/\/laligaupdate.com\/vn\/real-madrid-2-0-celta-vigo-ket-qua-vong-30-laliga\/"]}]},{"@type":"BreadcrumbList","@id":"https:\/\/laligaupdate.com\/vn\/real-madrid-2-0-celta-vigo-ket-qua-vong-30-laliga\/#breadcrumb","itemListElement":[{"@type":"ListItem","position":1,"name":"Trang ch\u1ee7","item":"https:\/\/laligaupdate.com\/vn\/"},{"@type":"ListItem","position":2,"name":"Tin T\u1ee9c LaLiga","item":"https:\/\/laligaupdate.com\/vn\/category\/laliga-news\/"},{"@type":"ListItem","position":3,"name":"TR\u1eacN \u0110\u1ea4U LALIGA","item":"https:\/\/laligaupdate.com\/vn\/category\/laliga-news\/laliga-matches\/"},{"@type":"ListItem","position":4,"name":"Real Madrid 2-0 Celta Vigo \u2013 K\u1ebft qu\u1ea3 V\u00f2ng 30 La Liga&nbsp;"}]},{"@type":"WebSite","@id":"https:\/\/laligaupdate.com\/vn\/#website","url":"https:\/\/laligaupdate.com\/vn\/","name":"C\u1eadp nh\u1eadt La Liga","description":"L\u00e0 trung t\u00e2m cung c\u1ea5p m\u1ecdi th\u1ee9 v\u1ec1 b\u00f3ng \u0111\u00e1 T\u00e2y Ban Nha.","publisher":{"@id":"https:\/\/laligaupdate.com\/vn\/#organization"},"potentialAction":[{"@type":"SearchAction","target":{"@type":"EntryPoint","urlTemplate":"https:\/\/laligaupdate.com\/vn\/?s={search_term_string}"},"query-input":"required name=search_term_string"}],"inLanguage":"vi"},{"@type":"Organization","@id":"https:\/\/laligaupdate.com\/vn\/#organization","name":"C\u1eadp nh\u1eadt La Liga","url":"https:\/\/laligaupdate.com\/vn\/","logo":{"@type":"ImageObject","inLanguage":"vi","@id":"https:\/\/laligaupdate.com\/vn\/#\/schema\/logo\/image\/","url":"https:\/\/laligaupdate.com\/vn\/wp-content\/uploads\/sites\/5\/2023\/06\/2288340e-0a23-4257-89c8-ac62c3db799c.png","contentUrl":"https:\/\/laligaupdate.com\/vn\/wp-content\/uploads\/sites\/5\/2023\/06\/2288340e-0a23-4257-89c8-ac62c3db799c.png","width":696,"height":331,"caption":"C\u1eadp nh\u1eadt La Liga"},"image":{"@id":"https:\/\/laligaupdate.com\/vn\/#\/schema\/logo\/image\/"}},{"@type":"Person","@id":"https:\/\/laligaupdate.com\/vn\/#\/schema\/person\/a2557bdd00a14d93cd525314480ff6fc","name":"Jane","image":{"@type":"ImageObject","inLanguage":"vi","@id":"https:\/\/laligaupdate.com\/vn\/#\/schema\/person\/image\/","url":"https:\/\/secure.gravatar.com\/avatar\/1a5281b7800623fd8fb890b3a25490b707425cd404a09f05b4edcc73482dc0b8?s=96&d=mm&r=g","contentUrl":"https:\/\/secure.gravatar.com\/avatar\/1a5281b7800623fd8fb890b3a25490b707425cd404a09f05b4edcc73482dc0b8?s=96&d=mm&r=g","caption":"Jane"},"url":"https:\/\/laligaupdate.com\/vn\/author\/janeh\/"}]}},"_links":{"self":[{"href":"https:\/\/laligaupdate.com\/vn\/wp-json\/wp\/v2\/posts\/1906","targetHints":{"allow":["GET"]}}],"collection":[{"href":"https:\/\/laligaupdate.com\/vn\/wp-json\/wp\/v2\/posts"}],"about":[{"href":"https:\/\/laligaupdate.com\/vn\/wp-json\/wp\/v2\/types\/post"}],"author":[{"embeddable":true,"href":"https:\/\/laligaupdate.com\/vn\/wp-json\/wp\/v2\/users\/22"}],"replies":[{"embeddable":true,"href":"https:\/\/laligaupdate.com\/vn\/wp-json\/wp\/v2\/comments?post=1906"}],"version-history":[{"count":2,"href":"https:\/\/laligaupdate.com\/vn\/wp-json\/wp\/v2\/posts\/1906\/revisions"}],"predecessor-version":[{"id":1917,"href":"https:\/\/laligaupdate.com\/vn\/wp-json\/wp\/v2\/posts\/1906\/revisions\/1917"}],"wp:featuredmedia":[{"embeddable":true,"href":"https:\/\/laligaupdate.com\/vn\/wp-json\/wp\/v2\/media\/1909"}],"wp:attachment":[{"href":"https:\/\/laligaupdate.com\/vn\/wp-json\/wp\/v2\/media?parent=1906"}],"wp:term":[{"taxonomy":"category","embeddable":true,"href":"https:\/\/laligaupdate.com\/vn\/wp-json\/wp\/v2\/categories?post=1906"},{"taxonomy":"post_tag","embeddable":true,"href":"https:\/\/laligaupdate.com\/vn\/wp-json\/wp\/v2\/tags?post=1906"}],"curies":[{"name":"wp","href":"https:\/\/api.w.org\/{rel}","templated":true}]}}