{"id":2042,"date":"2023-05-22T07:59:46","date_gmt":"2023-05-22T07:59:46","guid":{"rendered":"https:\/\/laligaupdate.com\/vn\/?p=2042"},"modified":"2023-05-22T07:59:47","modified_gmt":"2023-05-22T07:59:47","slug":"vinicius-jr-tuc-phat-khoc-khi-bi-phan-biet-chung-toc","status":"publish","type":"post","link":"https:\/\/laligaupdate.com\/vn\/vinicius-jr-tuc-phat-khoc-khi-bi-phan-biet-chung-toc\/","title":{"rendered":"Vinicius Jr t\u1ee9c ph\u00e1t kh\u00f3c khi b\u1ecb ph\u00e2n bi\u1ec7t ch\u1ee7ng t\u1ed9c"},"content":{"rendered":"\n<h3 class=\"wp-block-heading\">T\u00ecnh hu\u1ed1ng ph\u00e2n bi\u1ec7t ch\u1ee7ng t\u1ed9c l\u1ea1i l\u00e0 t\u00e2m \u0111i\u1ec3m t\u1ea1i Mestalla, g\u1ea7n nh\u01b0 to\u00e0n b\u1ed9 C\u0110V tr\u00ean SV\u0110 h\u00f4 vang &#8216;mono&#8217; &#8211; &#8216;con kh\u1ec9&#8217; \u0111\u1ed1i v\u1edbi sao Real Madrid <\/h3>\n\n\n\n<p>La Liga \u2013 Vinicius Jr ph\u00e1t t\u1ee9c \u0111\u1ebfn m\u1ee9c r\u01a1i n\u01b0\u1edbc m\u1eaft sau khi sao Real Madrid\u00a0b\u1ecb ng\u01b0\u1eddi h\u00e2m m\u1ed9 c\u1ef1c \u0111oan Valencia ph\u00e2n bi\u1ec7t ch\u1ee7ng t\u1ed9c t\u1ea1i Mestalla, ch\u1ee9ng ki\u1ebfn h\u1ecd h\u00e9t l\u00ean &#8216;monkey&#8217; \u1edf tr\u1eadn \u0111\u1ea5u V\u00f2ng 35.<\/p>\n\n\n\n<h3 class=\"wp-block-heading\">Chuy\u1ec7n g\u00ec \u0111\u00e3 x\u1ea3y ra v\u1edbi Vinicius Jr \u2013 ultras Valencia c\u00f4ng k\u00edch sao Brazil<\/h3>\n\n\n\n<p>Trong c\u1ea3nh h\u1ed7n lo\u1ea1n t\u1ea1i\u00a0SV\u0110 Mestalla c\u1ee7a Valencia, t\u1ea5t c\u1ea3 c\u00e1c c\u1ea7u th\u1ee7 Real Madrid v\u00e0 \u0111\u1ed9i ch\u1ee7 nh\u00e0 \u0111\u1ec1u ch\u1ea1y \u0111\u1ebfn v\u00e0 c\u1ea3nh s\u00e1t c\u0169ng c\u00f3 m\u1eb7t \u0111\u1ec3 \u0111\u1ea3m b\u1ea3o m\u1ecdi vi\u1ec7c \u0111\u01b0\u1ee3c ki\u1ec3m so\u00e1t\u00a0<a href=\"https:\/\/laligaupdate-com.translate.goog\/blog\/laliga-clubs\/valencia-club-profile\/?_x_tr_sl=en&amp;_x_tr_tl=vi&amp;_x_tr_hl=en&amp;_x_tr_pto=wapp\">.<\/a><\/p>\n\n\n\n<p>Los Blancos \u0111ang b\u1ecb d\u1eabn tr\u01b0\u1edbc b\u1edfi b\u00e0n th\u1eafng trong hi\u1ec7p m\u1ed9t c\u1ee7a Diego Lopez v\u00e0 Vinicius ph\u1ea3i h\u1ee9ng ch\u1ecbu nhi\u1ec1u l\u1eddi ch\u1ec9 tr\u00edch v\u00e0 h\u00e0nh \u0111\u1ed9ng mang t\u00ednh ph\u00e2n bi\u1ec7t ch\u1ee7ng t\u1ed9c t\u1eeb ph\u00eda kh\u00e1n \u0111\u00e0i.<\/p>\n\n\n\n<figure class=\"wp-block-embed is-type-rich is-provider-twitter wp-block-embed-twitter\"><div class=\"wp-block-embed__wrapper\">\n<blockquote class=\"twitter-tweet\" data-width=\"500\" data-dnt=\"true\"><p lang=\"en\" dir=\"ltr\">Racist Abuse to Vinicius Jr once again, and another time in La Liga <br><br>Effigys, Racist Banners and Chants<br><br>Valencia, Mallorca, Atleti, Barca and Valladolid<br><br>Mario Balotelli had racism follow him throughout his entire career too, and many others. Tragic man<br> <a href=\"https:\/\/t.co\/NJAeVXQmPe\">pic.twitter.com\/NJAeVXQmPe<\/a><\/p>&mdash; \ud835\ude47\ud835\ude5e\ud835\ude56\ud835\ude62\ud83c\udde7\ud83c\uddea (@OfficialVizeh) <a href=\"https:\/\/twitter.com\/OfficialVizeh\/status\/1660392350902898688?ref_src=twsrc%5Etfw\">May 21, 2023<\/a><\/blockquote><script async src=\"https:\/\/platform.twitter.com\/widgets.js\" charset=\"utf-8\"><\/script>\n<\/div><\/figure>\n\n\n\n<p>C\u1ea7u th\u1ee7 ng\u01b0\u1eddi Brazil kh\u00f4ng ki\u1ec1m ch\u1ebf \u0111\u01b0\u1ee3c c\u01a1n gi\u1eadn khi nghe nh\u1eefng l\u1eddi l\u0103ng m\u1ea1 mang t\u00ednh ph\u00e2n bi\u1ec7t ch\u1ee7ng t\u1ed9c, anh t\u1ee9c t\u1ed1c \u0111\u1ebfn ch\u1ec9 v\u00e0o \u0111\u00e1m \u0111\u00f4ng \u0111ang la h\u00e9t.<\/p>\n\n\n\n<p>Anh \u1ea5y ti\u1ebfn \u0111\u1ebfn tr\u1ecdng t\u00e0i De Burgos Bengoetxea cho bi\u1ebft anh kh\u00f4ng mu\u1ed1n thi \u0111\u1ea5u n\u1eef, tr\u01b0\u1edbc khi \u0111\u1ebfn n\u00f3i chuy\u1ec7n v\u1edbi Ruben Baraja v\u00e0 ng\u01b0\u1eddi \u0111\u01b0\u1ee3c \u1ee7y quy\u1ec1n tr\u00ean s\u00e2n \u0111\u1ec3 h\u1ecd th\u00f4ng b\u00e1o t\u1eeb h\u1ec7 th\u1ed1ng \u00e2m thanh Mestalla nh\u1eb1m l\u00ean ti\u1ebfng v\u1ec1 nh\u1eefng l\u1eddi l\u0103ng m\u1ea1 ph\u00e2n bi\u1ec7t ch\u1ee7ng t\u1ed9c.<\/p>\n\n\n\n<figure class=\"wp-block-image size-full\"><img loading=\"lazy\" decoding=\"async\" width=\"950\" height=\"549\" src=\"https:\/\/laligaupdate.com\/vn\/wp-content\/uploads\/sites\/5\/2023\/05\/image-7.png\" alt=\"\" class=\"wp-image-2044\" srcset=\"https:\/\/laligaupdate.com\/vn\/wp-content\/uploads\/sites\/5\/2023\/05\/image-7.png 950w, https:\/\/laligaupdate.com\/vn\/wp-content\/uploads\/sites\/5\/2023\/05\/image-7-300x173.png 300w, https:\/\/laligaupdate.com\/vn\/wp-content\/uploads\/sites\/5\/2023\/05\/image-7-768x444.png 768w, https:\/\/laligaupdate.com\/vn\/wp-content\/uploads\/sites\/5\/2023\/05\/image-7-590x341.png 590w\" sizes=\"auto, (max-width: 950px) 100vw, 950px\" \/><figcaption class=\"wp-element-caption\">Vinicius ch\u1ec9 v\u00e0o \u0111\u00e1m \u0111\u00f4ng<\/figcaption><\/figure>\n\n\n\n<p>Tr\u1eadn \u0111\u1ea5u \u0111\u00e3 b\u1ecb t\u1ea1m d\u1eebng trong v\u00e0i ph\u00fat, c\u1ea3nh b\u00e1o c\u00e1c ultras r\u1eb1ng tr\u1eadn \u0111\u1ea5u s\u1ebd b\u1ecb h\u1ee7y n\u1ebfu nh\u1eefng ti\u1ebfng la \u00f3 ph\u00e2n bi\u1ec7t ch\u1ee7ng t\u1ed9c kh\u00f4ng d\u1eebng l\u1ea1i, sau \u0111\u00f3 tr\u1eadn \u0111\u1ea5u v\u1eabn ti\u1ebfp di\u1ec5n.<\/p>\n\n\n\n<p>Vinicus sau \u0111\u00f3 ph\u1ea3i nh\u1eadn th\u1ebb \u0111\u1ecf \u1edf ph\u00fat b\u00f9 gi\u1edd khi VAR ch\u1ec9 ra r\u1eb1ng anh \u0111\u00e3 \u0111\u1ea5m v\u00e0o m\u1eb7t Hugo Duro, ng\u01b0\u1eddi \u0111\u00e3 b\u00f3p c\u1ed5 anh tr\u01b0\u1edbc.<\/p>\n\n\n\n<p>Real Madrid cu\u1ed1i c\u00f9ng \u0111\u00e3 thua Valencia, \u0111\u1ed9i ch\u1ee7 nh\u00e0 \u0111ang kh\u00e1t \u0111i\u1ec3m trong cu\u1ed9c chi\u1ebfn tr\u1ee5 h\u1ea1ng.<\/p>\n\n\n\n<h3 class=\"wp-block-heading\">Ph\u1ea3n \u1ee9ng c\u1ee7a Vinicius<\/h3>\n\n\n\n<p>Camera quay l\u1ea1i c\u1eadn c\u1ea3nh sao Real Madrid n\u00f3i &#8220;T\u00f4i kh\u00f4ng mu\u1ed1n ch\u01a1i n\u1eefa&#8221;, khi h\u1ecd \u0111ang t\u1eadp trung v\u00e0o nh\u00e2n v\u1eadt ch\u00ednh c\u1ee7a t\u00ecnh hu\u1ed1ng. <\/p>\n\n\n\n<p>&#8220;\u201cT\u00f4i kh\u00f4ng mu\u1ed1n ch\u01a1i n\u1eefa,\u201d camera \u0111\u00e3 b\u1eaft g\u1eb7p anh n\u00f3i khi h\u1ecd t\u1eadp trung v\u00e0o nh\u00e2n v\u1eadt ch\u00ednh c\u1ee7a c\u00e2u chuy\u1ec7n.<\/p>\n\n\n\n<p>&#8220;\u00d4ng \u0111\u00f3, ch\u00ednh \u00f4ng \u0111\u00f3,&#8221; c\u1ea7u th\u1ee7 ng\u01b0\u1eddi Brazil li\u00ean ti\u1ebfp l\u1eb7p l\u1ea1i v\u00e0 ch\u1ec9 v\u00e0o \u0111\u00e1m \u0111\u00f4ng. <\/p>\n\n\n\n<figure class=\"wp-block-embed is-type-rich is-provider-twitter wp-block-embed-twitter\"><div class=\"wp-block-embed__wrapper\">\n<blockquote class=\"twitter-tweet\" data-width=\"500\" data-dnt=\"true\"><p lang=\"en\" dir=\"ltr\">There has just been an absolutely brilliant piece to camera from <a href=\"https:\/\/twitter.com\/PhilKitro?ref_src=twsrc%5Etfw\">@PhilKitro<\/a> on La Liga TV. Pulled no punches. Succinct and powerful. La Liga should clip it up and circulate it on their social media channels. Hat tip also to the ever-brilliant <a href=\"https:\/\/twitter.com\/TerryGibson88?ref_src=twsrc%5Etfw\">@TerryGibson88<\/a>.<\/p>&mdash; Colin Millar (@Millar_Colin) <a href=\"https:\/\/twitter.com\/Millar_Colin\/status\/1660404861534445570?ref_src=twsrc%5Etfw\">May 21, 2023<\/a><\/blockquote><script async src=\"https:\/\/platform.twitter.com\/widgets.js\" charset=\"utf-8\"><\/script>\n<\/div><figcaption class=\"wp-element-caption\">Jose Luis Gaya, \u0111\u1ed9i tr\u01b0\u1edfng c\u1ee7a Valencia, l\u00e0 c\u1ea7u th\u1ee7 n\u00f3i chuy\u1ec7n nhi\u1ec1u nh\u1ea5t v\u1edbi Vinicius sau nh\u1eefng g\u00ec \u0111\u00e3 x\u1ea3y ra.<br>Anh \u1ea5y y\u00eau c\u1ea7u l\u1eddi gi\u1ea3i th\u00edch v\u00e0 c\u1ea7u th\u1ee7 ng\u01b0\u1eddi Brazil n\u00f3i r\u1eb1ng anh n\u1ed7 l\u1ef1c \u0111\u1ec3 l\u00e0m g\u00ec trong khi C\u0110V n\u00e9m \u0111\u1ed3 tr\u00ean kh\u00e1n \u0111\u00e0i xu\u1ed1ng. <\/figcaption><\/figure>\n\n\n\n<figure class=\"wp-block-embed is-type-rich is-provider-twitter wp-block-embed-twitter\"><div class=\"wp-block-embed__wrapper\">\n<blockquote class=\"twitter-tweet\" data-width=\"500\" data-dnt=\"true\"><p lang=\"en\" dir=\"ltr\">\ud83d\udcf2 Vin\u00edcius on IG: \u201cThe prize that racists won was my sending off. It&#39;s not football, it&#39;s La Liga.\u201d <a href=\"https:\/\/t.co\/XSrTOJ3F5g\">pic.twitter.com\/XSrTOJ3F5g<\/a><\/p>&mdash; Madrid Zone (@theMadridZone) <a href=\"https:\/\/twitter.com\/theMadridZone\/status\/1660370193535696897?ref_src=twsrc%5Etfw\">May 21, 2023<\/a><\/blockquote><script async src=\"https:\/\/platform.twitter.com\/widgets.js\" charset=\"utf-8\"><\/script>\n<\/div><\/figure>\n\n\n\n<p>Sau tr\u1eadn \u0111\u1ea5u, Vini \u0111\u0103ng m\u1ed9t d\u00f2ng tr\u1ea1ng th\u00e1i tr\u00ean instagram c\u1ee7a m\u00ecnh:<\/p>\n\n\n\n<p>\u201cPh\u1ea7n th\u01b0\u1edfng m\u00e0 nh\u1eefng k\u1ebb ph\u00e2n bi\u1ec7t ch\u1ee7ng t\u1ed9c gi\u00e0nh \u0111\u01b0\u1ee3c l\u00e0 t\u00f4i b\u1ecb \u0111u\u1ed5i kh\u1ecfi s\u00e2n.\u00a0\u0110\u00f3 kh\u00f4ng ph\u1ea3i l\u00e0 b\u00f3ng \u0111\u00e1, m\u00e0 l\u00e0 La Liga.\u201d<\/p>\n\n\n\n<figure class=\"wp-block-image size-full\"><img loading=\"lazy\" decoding=\"async\" width=\"459\" height=\"800\" src=\"https:\/\/laligaupdate.com\/vn\/wp-content\/uploads\/sites\/5\/2023\/05\/image-8.png\" alt=\"\" class=\"wp-image-2047\" srcset=\"https:\/\/laligaupdate.com\/vn\/wp-content\/uploads\/sites\/5\/2023\/05\/image-8.png 459w, https:\/\/laligaupdate.com\/vn\/wp-content\/uploads\/sites\/5\/2023\/05\/image-8-172x300.png 172w\" sizes=\"auto, (max-width: 459px) 100vw, 459px\" \/><figcaption class=\"wp-element-caption\">L\u1eddi nh\u1eafn c\u1ee7a Vinicius Jr sau s\u1ef1 c\u1ed1 \u1edf Valencia<\/figcaption><\/figure>\n\n\n\n<h3 class=\"wp-block-heading\">Valencia tr\u01b0\u1edbc nguy c\u01a1 b\u1ecb tr\u1eebng ph\u1ea1t<\/h3>\n\n\n\n<p>FIFA g\u1ea7n \u0111\u00e2y \u0111\u00e3 thay \u0111\u1ed5i b\u1ed9 lu\u1eadt k\u1ef7 lu\u1eadt cho ph\u00e9p c\u00e1c tr\u1ecdng t\u00e0i \u0111\u00ecnh ch\u1ec9 tr\u1eadn \u0111\u1ea5u v\u00ec ph\u00e2n bi\u1ec7t ch\u1ee7ng t\u1ed9c v\u00e0 th\u1eadm ch\u00ed c\u00f3 th\u1ec3 h\u1ee7y tr\u1eadn \u0111\u1ed1i v\u1edbi \u0111\u1ed9i vi ph\u1ea1m.<\/p>\n\n\n\n<p>V\u00ec v\u1eady, \u0111\u1ed9i c\u1ee7a Baraja c\u00f3 th\u1ec3 \u0111\u00e3 b\u1ecb \u1ea3nh h\u01b0\u1edfng b\u1edfi nh\u1eefng l\u1eddi l\u0103ng m\u1ea1 ph\u00e2n bi\u1ec7t ch\u1ee7ng t\u1ed9c \u0111\u1ed1i v\u1edbi Vinicius, m\u1eb7c d\u00f9 \u0111\u00f3 l\u00e0 t\u1eeb m\u1ed9t b\u1ed9 ph\u1eadn nh\u1ecf tr\u00ean kh\u00e1n \u0111\u00e0i.<\/p>\n\n\n\n<p>\u201cNgo\u1ea1i tr\u1eeb nh\u1eefng tr\u01b0\u1eddng h\u1ee3p \u0111\u1eb7c bi\u1ec7t, n\u1ebfu tr\u1ecdng t\u00e0i ra l\u1ec7nh t\u1ea1m d\u1eebng tr\u1eadn \u0111\u1ea5u v\u00ec h\u00e0nh vi ph\u00e2n bi\u1ec7t ch\u1ee7ng t\u1ed9c v\u00e0\/ho\u1eb7c ph\u00e2n bi\u1ec7t \u0111\u1ed1i x\u1eed, th\u00ec tr\u1eadn thua s\u1ebd \u0111\u01b0\u1ee3c tuy\u00ean b\u1ed1 b\u1eb1ng c\u00e1ch b\u1ecf cu\u1ed9c ho\u1eb7c r\u00fat lui\u201d, quy \u0111\u1ecbnh t\u1eeb FIFA.<\/p>\n","protected":false},"excerpt":{"rendered":"<p>T\u00ecnh hu\u1ed1ng ph\u00e2n bi\u1ec7t ch\u1ee7ng t\u1ed9c l\u1ea1i l\u00e0 t\u00e2m \u0111i\u1ec3m t\u1ea1i Mestalla, g\u1ea7n nh\u01b0 to\u00e0n b\u1ed9 C\u0110V tr\u00ean SV\u0110 h\u00f4 vang &#8216;mono&#8217; &#8211; &#8216;con kh\u1ec9&#8217; \u0111\u1ed1i v\u1edbi sao Real Madrid La Liga \u2013 Vinicius Jr ph\u00e1t t\u1ee9c \u0111\u1ebfn m\u1ee9c r\u01a1i n\u01b0\u1edbc m\u1eaft sau khi sao Real Madrid\u00a0b\u1ecb ng\u01b0\u1eddi h\u00e2m m\u1ed9 c\u1ef1c \u0111oan Valencia ph\u00e2n bi\u1ec7t [&hellip;]<\/p>\n","protected":false},"author":22,"featured_media":2048,"comment_status":"closed","ping_status":"closed","sticky":true,"template":"","format":"standard","meta":{"footnotes":""},"categories":[100],"tags":[354,355,58,161,79],"class_list":["post-2042","post","type-post","status-publish","format-standard","has-post-thumbnail","hentry","category-laliga-news","tag-mono","tag-phan-biet-chung-toc","tag-real-madrid","tag-valencia","tag-vinicius-jr"],"yoast_head":"<!-- This site is optimized with the Yoast SEO plugin v21.3 - https:\/\/yoast.com\/wordpress\/plugins\/seo\/ -->\n<title>Vinicius Jr t\u1ee9c ph\u00e1t kh\u00f3c khi b\u1ecb ph\u00e2n bi\u1ec7t ch\u1ee7ng t\u1ed9c - C\u1eadp nh\u1eadt La Liga<\/title>\n<meta name=\"description\" content=\"T\u00ecnh hu\u1ed1ng ph\u00e2n bi\u1ec7t ch\u1ee7ng t\u1ed9c l\u1ea1i l\u00e0 t\u00e2m \u0111i\u1ec3m t\u1ea1i Mestalla, g\u1ea7n nh\u01b0 to\u00e0n b\u1ed9 C\u0110V tr\u00ean SV\u0110 h\u00f4 vang &#039;mono&#039; - &#039;con kh\u1ec9&#039; \u0111\u1ed1i v\u1edbi sao Real Madrid\" \/>\n<meta name=\"robots\" content=\"index, follow, max-snippet:-1, max-image-preview:large, max-video-preview:-1\" \/>\n<link rel=\"canonical\" href=\"https:\/\/laligaupdate.com\/vn\/vinicius-jr-tuc-phat-khoc-khi-bi-phan-biet-chung-toc\/\" \/>\n<meta property=\"og:locale\" content=\"vi_VN\" \/>\n<meta property=\"og:type\" content=\"article\" \/>\n<meta property=\"og:title\" content=\"Vinicius Jr t\u1ee9c ph\u00e1t kh\u00f3c khi b\u1ecb ph\u00e2n bi\u1ec7t ch\u1ee7ng t\u1ed9c - C\u1eadp nh\u1eadt La Liga\" \/>\n<meta property=\"og:description\" content=\"T\u00ecnh hu\u1ed1ng ph\u00e2n bi\u1ec7t ch\u1ee7ng t\u1ed9c l\u1ea1i l\u00e0 t\u00e2m \u0111i\u1ec3m t\u1ea1i Mestalla, g\u1ea7n nh\u01b0 to\u00e0n b\u1ed9 C\u0110V tr\u00ean SV\u0110 h\u00f4 vang &#039;mono&#039; - &#039;con kh\u1ec9&#039; \u0111\u1ed1i v\u1edbi sao Real Madrid\" \/>\n<meta property=\"og:url\" content=\"https:\/\/laligaupdate.com\/vn\/vinicius-jr-tuc-phat-khoc-khi-bi-phan-biet-chung-toc\/\" \/>\n<meta property=\"og:site_name\" content=\"C\u1eadp nh\u1eadt La Liga\" \/>\n<meta property=\"article:published_time\" content=\"2023-05-22T07:59:46+00:00\" \/>\n<meta property=\"article:modified_time\" content=\"2023-05-22T07:59:47+00:00\" \/>\n<meta property=\"og:image\" content=\"https:\/\/laligaupdate.com\/vn\/wp-content\/uploads\/sites\/5\/2023\/05\/Vinicius-Jr-abused-by-Valencia-fans-in-Real-Madrid-defeat-at-Mestalla-min.jpg\" \/>\n\t<meta property=\"og:image:width\" content=\"800\" \/>\n\t<meta property=\"og:image:height\" content=\"600\" \/>\n\t<meta property=\"og:image:type\" content=\"image\/jpeg\" \/>\n<meta name=\"author\" content=\"Jane\" \/>\n<meta name=\"twitter:card\" content=\"summary_large_image\" \/>\n<meta name=\"twitter:label1\" content=\"\u0110\u01b0\u1ee3c vi\u1ebft b\u1edfi\" \/>\n\t<meta name=\"twitter:data1\" content=\"Jane\" \/>\n\t<meta name=\"twitter:label2\" content=\"\u01af\u1edbc t\u00ednh th\u1eddi gian \u0111\u1ecdc\" \/>\n\t<meta name=\"twitter:data2\" content=\"5 ph\u00fat\" \/>\n<script type=\"application\/ld+json\" class=\"yoast-schema-graph\">{\"@context\":\"https:\/\/schema.org\",\"@graph\":[{\"@type\":\"Article\",\"@id\":\"https:\/\/laligaupdate.com\/vn\/vinicius-jr-tuc-phat-khoc-khi-bi-phan-biet-chung-toc\/#article\",\"isPartOf\":{\"@id\":\"https:\/\/laligaupdate.com\/vn\/vinicius-jr-tuc-phat-khoc-khi-bi-phan-biet-chung-toc\/\"},\"author\":{\"name\":\"Jane\",\"@id\":\"https:\/\/laligaupdate.com\/vn\/#\/schema\/person\/a2557bdd00a14d93cd525314480ff6fc\"},\"headline\":\"Vinicius Jr t\u1ee9c ph\u00e1t kh\u00f3c khi b\u1ecb ph\u00e2n bi\u1ec7t ch\u1ee7ng t\u1ed9c\",\"datePublished\":\"2023-05-22T07:59:46+00:00\",\"dateModified\":\"2023-05-22T07:59:47+00:00\",\"mainEntityOfPage\":{\"@id\":\"https:\/\/laligaupdate.com\/vn\/vinicius-jr-tuc-phat-khoc-khi-bi-phan-biet-chung-toc\/\"},\"wordCount\":965,\"publisher\":{\"@id\":\"https:\/\/laligaupdate.com\/vn\/#organization\"},\"keywords\":[\"mono\",\"Ph\u00e2n bi\u1ec7t ch\u1ee7ng t\u1ed9c\",\"Real Madrid\",\"valencia\",\"Vinicius Jr\"],\"articleSection\":[\"Tin T\u1ee9c LaLiga\"],\"inLanguage\":\"vi\"},{\"@type\":\"WebPage\",\"@id\":\"https:\/\/laligaupdate.com\/vn\/vinicius-jr-tuc-phat-khoc-khi-bi-phan-biet-chung-toc\/\",\"url\":\"https:\/\/laligaupdate.com\/vn\/vinicius-jr-tuc-phat-khoc-khi-bi-phan-biet-chung-toc\/\",\"name\":\"Vinicius Jr t\u1ee9c ph\u00e1t kh\u00f3c khi b\u1ecb ph\u00e2n bi\u1ec7t ch\u1ee7ng t\u1ed9c - C\u1eadp nh\u1eadt La Liga\",\"isPartOf\":{\"@id\":\"https:\/\/laligaupdate.com\/vn\/#website\"},\"datePublished\":\"2023-05-22T07:59:46+00:00\",\"dateModified\":\"2023-05-22T07:59:47+00:00\",\"description\":\"T\u00ecnh hu\u1ed1ng ph\u00e2n bi\u1ec7t ch\u1ee7ng t\u1ed9c l\u1ea1i l\u00e0 t\u00e2m \u0111i\u1ec3m t\u1ea1i Mestalla, g\u1ea7n nh\u01b0 to\u00e0n b\u1ed9 C\u0110V tr\u00ean SV\u0110 h\u00f4 vang 'mono' - 'con kh\u1ec9' \u0111\u1ed1i v\u1edbi sao Real Madrid\",\"breadcrumb\":{\"@id\":\"https:\/\/laligaupdate.com\/vn\/vinicius-jr-tuc-phat-khoc-khi-bi-phan-biet-chung-toc\/#breadcrumb\"},\"inLanguage\":\"vi\",\"potentialAction\":[{\"@type\":\"ReadAction\",\"target\":[\"https:\/\/laligaupdate.com\/vn\/vinicius-jr-tuc-phat-khoc-khi-bi-phan-biet-chung-toc\/\"]}]},{\"@type\":\"BreadcrumbList\",\"@id\":\"https:\/\/laligaupdate.com\/vn\/vinicius-jr-tuc-phat-khoc-khi-bi-phan-biet-chung-toc\/#breadcrumb\",\"itemListElement\":[{\"@type\":\"ListItem\",\"position\":1,\"name\":\"Trang ch\u1ee7\",\"item\":\"https:\/\/laligaupdate.com\/vn\/\"},{\"@type\":\"ListItem\",\"position\":2,\"name\":\"Tin T\u1ee9c LaLiga\",\"item\":\"https:\/\/laligaupdate.com\/vn\/category\/laliga-news\/\"},{\"@type\":\"ListItem\",\"position\":3,\"name\":\"Vinicius Jr t\u1ee9c ph\u00e1t kh\u00f3c khi b\u1ecb ph\u00e2n bi\u1ec7t ch\u1ee7ng t\u1ed9c\"}]},{\"@type\":\"WebSite\",\"@id\":\"https:\/\/laligaupdate.com\/vn\/#website\",\"url\":\"https:\/\/laligaupdate.com\/vn\/\",\"name\":\"C\u1eadp nh\u1eadt La Liga\",\"description\":\"L\u00e0 trung t\u00e2m cung c\u1ea5p m\u1ecdi th\u1ee9 v\u1ec1 b\u00f3ng \u0111\u00e1 T\u00e2y Ban Nha.\",\"publisher\":{\"@id\":\"https:\/\/laligaupdate.com\/vn\/#organization\"},\"potentialAction\":[{\"@type\":\"SearchAction\",\"target\":{\"@type\":\"EntryPoint\",\"urlTemplate\":\"https:\/\/laligaupdate.com\/vn\/?s={search_term_string}\"},\"query-input\":\"required name=search_term_string\"}],\"inLanguage\":\"vi\"},{\"@type\":\"Organization\",\"@id\":\"https:\/\/laligaupdate.com\/vn\/#organization\",\"name\":\"C\u1eadp nh\u1eadt La Liga\",\"url\":\"https:\/\/laligaupdate.com\/vn\/\",\"logo\":{\"@type\":\"ImageObject\",\"inLanguage\":\"vi\",\"@id\":\"https:\/\/laligaupdate.com\/vn\/#\/schema\/logo\/image\/\",\"url\":\"https:\/\/laligaupdate.com\/vn\/wp-content\/uploads\/sites\/5\/2023\/06\/2288340e-0a23-4257-89c8-ac62c3db799c.png\",\"contentUrl\":\"https:\/\/laligaupdate.com\/vn\/wp-content\/uploads\/sites\/5\/2023\/06\/2288340e-0a23-4257-89c8-ac62c3db799c.png\",\"width\":696,\"height\":331,\"caption\":\"C\u1eadp nh\u1eadt La Liga\"},\"image\":{\"@id\":\"https:\/\/laligaupdate.com\/vn\/#\/schema\/logo\/image\/\"}},{\"@type\":\"Person\",\"@id\":\"https:\/\/laligaupdate.com\/vn\/#\/schema\/person\/a2557bdd00a14d93cd525314480ff6fc\",\"name\":\"Jane\",\"image\":{\"@type\":\"ImageObject\",\"inLanguage\":\"vi\",\"@id\":\"https:\/\/laligaupdate.com\/vn\/#\/schema\/person\/image\/\",\"url\":\"https:\/\/secure.gravatar.com\/avatar\/1a5281b7800623fd8fb890b3a25490b707425cd404a09f05b4edcc73482dc0b8?s=96&d=mm&r=g\",\"contentUrl\":\"https:\/\/secure.gravatar.com\/avatar\/1a5281b7800623fd8fb890b3a25490b707425cd404a09f05b4edcc73482dc0b8?s=96&d=mm&r=g\",\"caption\":\"Jane\"},\"url\":\"https:\/\/laligaupdate.com\/vn\/author\/janeh\/\"}]}<\/script>\n<!-- \/ Yoast SEO plugin. -->","yoast_head_json":{"title":"Vinicius Jr t\u1ee9c ph\u00e1t kh\u00f3c khi b\u1ecb ph\u00e2n bi\u1ec7t ch\u1ee7ng t\u1ed9c - C\u1eadp nh\u1eadt La Liga","description":"T\u00ecnh hu\u1ed1ng ph\u00e2n bi\u1ec7t ch\u1ee7ng t\u1ed9c l\u1ea1i l\u00e0 t\u00e2m \u0111i\u1ec3m t\u1ea1i Mestalla, g\u1ea7n nh\u01b0 to\u00e0n b\u1ed9 C\u0110V tr\u00ean SV\u0110 h\u00f4 vang 'mono' - 'con kh\u1ec9' \u0111\u1ed1i v\u1edbi sao Real Madrid","robots":{"index":"index","follow":"follow","max-snippet":"max-snippet:-1","max-image-preview":"max-image-preview:large","max-video-preview":"max-video-preview:-1"},"canonical":"https:\/\/laligaupdate.com\/vn\/vinicius-jr-tuc-phat-khoc-khi-bi-phan-biet-chung-toc\/","og_locale":"vi_VN","og_type":"article","og_title":"Vinicius Jr t\u1ee9c ph\u00e1t kh\u00f3c khi b\u1ecb ph\u00e2n bi\u1ec7t ch\u1ee7ng t\u1ed9c - C\u1eadp nh\u1eadt La Liga","og_description":"T\u00ecnh hu\u1ed1ng ph\u00e2n bi\u1ec7t ch\u1ee7ng t\u1ed9c l\u1ea1i l\u00e0 t\u00e2m \u0111i\u1ec3m t\u1ea1i Mestalla, g\u1ea7n nh\u01b0 to\u00e0n b\u1ed9 C\u0110V tr\u00ean SV\u0110 h\u00f4 vang 'mono' - 'con kh\u1ec9' \u0111\u1ed1i v\u1edbi sao Real Madrid","og_url":"https:\/\/laligaupdate.com\/vn\/vinicius-jr-tuc-phat-khoc-khi-bi-phan-biet-chung-toc\/","og_site_name":"C\u1eadp nh\u1eadt La Liga","article_published_time":"2023-05-22T07:59:46+00:00","article_modified_time":"2023-05-22T07:59:47+00:00","og_image":[{"width":800,"height":600,"url":"https:\/\/laligaupdate.com\/vn\/wp-content\/uploads\/sites\/5\/2023\/05\/Vinicius-Jr-abused-by-Valencia-fans-in-Real-Madrid-defeat-at-Mestalla-min.jpg","type":"image\/jpeg"}],"author":"Jane","twitter_card":"summary_large_image","twitter_misc":{"\u0110\u01b0\u1ee3c vi\u1ebft b\u1edfi":"Jane","\u01af\u1edbc t\u00ednh th\u1eddi gian \u0111\u1ecdc":"5 ph\u00fat"},"schema":{"@context":"https:\/\/schema.org","@graph":[{"@type":"Article","@id":"https:\/\/laligaupdate.com\/vn\/vinicius-jr-tuc-phat-khoc-khi-bi-phan-biet-chung-toc\/#article","isPartOf":{"@id":"https:\/\/laligaupdate.com\/vn\/vinicius-jr-tuc-phat-khoc-khi-bi-phan-biet-chung-toc\/"},"author":{"name":"Jane","@id":"https:\/\/laligaupdate.com\/vn\/#\/schema\/person\/a2557bdd00a14d93cd525314480ff6fc"},"headline":"Vinicius Jr t\u1ee9c ph\u00e1t kh\u00f3c khi b\u1ecb ph\u00e2n bi\u1ec7t ch\u1ee7ng t\u1ed9c","datePublished":"2023-05-22T07:59:46+00:00","dateModified":"2023-05-22T07:59:47+00:00","mainEntityOfPage":{"@id":"https:\/\/laligaupdate.com\/vn\/vinicius-jr-tuc-phat-khoc-khi-bi-phan-biet-chung-toc\/"},"wordCount":965,"publisher":{"@id":"https:\/\/laligaupdate.com\/vn\/#organization"},"keywords":["mono","Ph\u00e2n bi\u1ec7t ch\u1ee7ng t\u1ed9c","Real Madrid","valencia","Vinicius Jr"],"articleSection":["Tin T\u1ee9c LaLiga"],"inLanguage":"vi"},{"@type":"WebPage","@id":"https:\/\/laligaupdate.com\/vn\/vinicius-jr-tuc-phat-khoc-khi-bi-phan-biet-chung-toc\/","url":"https:\/\/laligaupdate.com\/vn\/vinicius-jr-tuc-phat-khoc-khi-bi-phan-biet-chung-toc\/","name":"Vinicius Jr t\u1ee9c ph\u00e1t kh\u00f3c khi b\u1ecb ph\u00e2n bi\u1ec7t ch\u1ee7ng t\u1ed9c - C\u1eadp nh\u1eadt La Liga","isPartOf":{"@id":"https:\/\/laligaupdate.com\/vn\/#website"},"datePublished":"2023-05-22T07:59:46+00:00","dateModified":"2023-05-22T07:59:47+00:00","description":"T\u00ecnh hu\u1ed1ng ph\u00e2n bi\u1ec7t ch\u1ee7ng t\u1ed9c l\u1ea1i l\u00e0 t\u00e2m \u0111i\u1ec3m t\u1ea1i Mestalla, g\u1ea7n nh\u01b0 to\u00e0n b\u1ed9 C\u0110V tr\u00ean SV\u0110 h\u00f4 vang 'mono' - 'con kh\u1ec9' \u0111\u1ed1i v\u1edbi sao Real Madrid","breadcrumb":{"@id":"https:\/\/laligaupdate.com\/vn\/vinicius-jr-tuc-phat-khoc-khi-bi-phan-biet-chung-toc\/#breadcrumb"},"inLanguage":"vi","potentialAction":[{"@type":"ReadAction","target":["https:\/\/laligaupdate.com\/vn\/vinicius-jr-tuc-phat-khoc-khi-bi-phan-biet-chung-toc\/"]}]},{"@type":"BreadcrumbList","@id":"https:\/\/laligaupdate.com\/vn\/vinicius-jr-tuc-phat-khoc-khi-bi-phan-biet-chung-toc\/#breadcrumb","itemListElement":[{"@type":"ListItem","position":1,"name":"Trang ch\u1ee7","item":"https:\/\/laligaupdate.com\/vn\/"},{"@type":"ListItem","position":2,"name":"Tin T\u1ee9c LaLiga","item":"https:\/\/laligaupdate.com\/vn\/category\/laliga-news\/"},{"@type":"ListItem","position":3,"name":"Vinicius Jr t\u1ee9c ph\u00e1t kh\u00f3c khi b\u1ecb ph\u00e2n bi\u1ec7t ch\u1ee7ng t\u1ed9c"}]},{"@type":"WebSite","@id":"https:\/\/laligaupdate.com\/vn\/#website","url":"https:\/\/laligaupdate.com\/vn\/","name":"C\u1eadp nh\u1eadt La Liga","description":"L\u00e0 trung t\u00e2m cung c\u1ea5p m\u1ecdi th\u1ee9 v\u1ec1 b\u00f3ng \u0111\u00e1 T\u00e2y Ban Nha.","publisher":{"@id":"https:\/\/laligaupdate.com\/vn\/#organization"},"potentialAction":[{"@type":"SearchAction","target":{"@type":"EntryPoint","urlTemplate":"https:\/\/laligaupdate.com\/vn\/?s={search_term_string}"},"query-input":"required name=search_term_string"}],"inLanguage":"vi"},{"@type":"Organization","@id":"https:\/\/laligaupdate.com\/vn\/#organization","name":"C\u1eadp nh\u1eadt La Liga","url":"https:\/\/laligaupdate.com\/vn\/","logo":{"@type":"ImageObject","inLanguage":"vi","@id":"https:\/\/laligaupdate.com\/vn\/#\/schema\/logo\/image\/","url":"https:\/\/laligaupdate.com\/vn\/wp-content\/uploads\/sites\/5\/2023\/06\/2288340e-0a23-4257-89c8-ac62c3db799c.png","contentUrl":"https:\/\/laligaupdate.com\/vn\/wp-content\/uploads\/sites\/5\/2023\/06\/2288340e-0a23-4257-89c8-ac62c3db799c.png","width":696,"height":331,"caption":"C\u1eadp nh\u1eadt La Liga"},"image":{"@id":"https:\/\/laligaupdate.com\/vn\/#\/schema\/logo\/image\/"}},{"@type":"Person","@id":"https:\/\/laligaupdate.com\/vn\/#\/schema\/person\/a2557bdd00a14d93cd525314480ff6fc","name":"Jane","image":{"@type":"ImageObject","inLanguage":"vi","@id":"https:\/\/laligaupdate.com\/vn\/#\/schema\/person\/image\/","url":"https:\/\/secure.gravatar.com\/avatar\/1a5281b7800623fd8fb890b3a25490b707425cd404a09f05b4edcc73482dc0b8?s=96&d=mm&r=g","contentUrl":"https:\/\/secure.gravatar.com\/avatar\/1a5281b7800623fd8fb890b3a25490b707425cd404a09f05b4edcc73482dc0b8?s=96&d=mm&r=g","caption":"Jane"},"url":"https:\/\/laligaupdate.com\/vn\/author\/janeh\/"}]}},"_links":{"self":[{"href":"https:\/\/laligaupdate.com\/vn\/wp-json\/wp\/v2\/posts\/2042","targetHints":{"allow":["GET"]}}],"collection":[{"href":"https:\/\/laligaupdate.com\/vn\/wp-json\/wp\/v2\/posts"}],"about":[{"href":"https:\/\/laligaupdate.com\/vn\/wp-json\/wp\/v2\/types\/post"}],"author":[{"embeddable":true,"href":"https:\/\/laligaupdate.com\/vn\/wp-json\/wp\/v2\/users\/22"}],"replies":[{"embeddable":true,"href":"https:\/\/laligaupdate.com\/vn\/wp-json\/wp\/v2\/comments?post=2042"}],"version-history":[{"count":1,"href":"https:\/\/laligaupdate.com\/vn\/wp-json\/wp\/v2\/posts\/2042\/revisions"}],"predecessor-version":[{"id":2049,"href":"https:\/\/laligaupdate.com\/vn\/wp-json\/wp\/v2\/posts\/2042\/revisions\/2049"}],"wp:featuredmedia":[{"embeddable":true,"href":"https:\/\/laligaupdate.com\/vn\/wp-json\/wp\/v2\/media\/2048"}],"wp:attachment":[{"href":"https:\/\/laligaupdate.com\/vn\/wp-json\/wp\/v2\/media?parent=2042"}],"wp:term":[{"taxonomy":"category","embeddable":true,"href":"https:\/\/laligaupdate.com\/vn\/wp-json\/wp\/v2\/categories?post=2042"},{"taxonomy":"post_tag","embeddable":true,"href":"https:\/\/laligaupdate.com\/vn\/wp-json\/wp\/v2\/tags?post=2042"}],"curies":[{"name":"wp","href":"https:\/\/api.w.org\/{rel}","templated":true}]}}