{"id":2050,"date":"2023-05-23T06:10:07","date_gmt":"2023-05-23T06:10:07","guid":{"rendered":"https:\/\/laligaupdate.com\/vn\/?p=2050"},"modified":"2023-05-23T06:11:55","modified_gmt":"2023-05-23T06:11:55","slug":"vinicius-doa-roi-laliga-sau-vu-phan-biet-chung-toc-o-valencia","status":"publish","type":"post","link":"https:\/\/laligaupdate.com\/vn\/vinicius-doa-roi-laliga-sau-vu-phan-biet-chung-toc-o-valencia\/","title":{"rendered":"Vinicius d\u1ecda r\u1eddi La Liga sau v\u1ee5 ph\u00e2n bi\u1ec7t ch\u1ee7ng t\u1ed9c \u1edf Valencia?"},"content":{"rendered":"\n<p>Vinicius Jr \u0111e d\u1ecda r\u1eddi\u00a0La Liga\u00a0sau nh\u1eefng g\u00ec \u0111\u00e3 x\u1ea3y ra v\u1edbi ti\u1ec1n \u0111\u1ea1o Real Madrid t\u1ea1i Mestalla trong tr\u1eadn \u0111\u1ea5u v\u1edbi\u00a0Valencia\u00a0?<\/p>\n\n\n\n<p><a href=\"https:\/\/laligaupdate.com\/vn\/\" target=\"_blank\" rel=\"noreferrer noopener\">C\u1eadp nh\u1eadt tin t\u1ee9c m\u1edbi La Liga t\u1ea1i \u0111\u00e2y<\/a>\u00a0\u00a0<\/p>\n\n\n\n<p><a href=\"https:\/\/record.brave158.com\/_cvKXN19j5PQlu5cdA8BczmNd7ZgqdRLk\/3\/\" target=\"_blank\" rel=\"noreferrer noopener\">\u0110\u0102NG K\u00dd T\u00c0I KHO\u1ea2N M88 MANSION V\u00c0 NH\u1eacN TH\u01af\u1edeNG LALIGA NGAY!<\/a><\/p>\n\n\n\n<h3 class=\"wp-block-heading\">Ph\u00e2n bi\u1ec7t ch\u1ee7ng t\u1ed9c v\u00e0 kh\u1ea3 n\u0103ng Vini ra \u0111i<\/h3>\n\n\n\n<p><a href=\"https:\/\/laligaupdate.com\/vn\/2023\/05\/22\/vinicius-jr-tuc-phat-khoc-khi-bi-phan-biet-chung-toc\/\">T\u00ecnh hu\u1ed1ng ph\u00e2n bi\u1ec7t ch\u1ee7ng t\u1ed9c l\u1ea1i l\u00e0 t\u00e2m \u0111i\u1ec3m t\u1ea1i Mestalla<\/a>, g\u1ea7n nh\u01b0 to\u00e0n b\u1ed9 C\u0110V tr\u00ean SV\u0110 h\u00f4 vang \u2018mono\u2019 \u2013 \u2018con kh\u1ec9\u2019 \u0111\u1ed1i v\u1edbi sao Real Madrid<\/p>\n\n\n\n<p>Sao Madrid \u0111\u00e3 ch\u1ec9 v\u00e0o m\u1ed9t c\u1ed5 \u0111\u1ed9ng vi\u00ean tr\u00ean kh\u00e1n \u0111\u00e0i, ng\u01b0\u1eddi c\u00f3 h\u00e0nh vi ph\u00e2n bi\u1ec7t ch\u1ee7ng t\u1ed9c v\u1edbi anh trong tr\u1eadn thua c\u1ee7a Madrid t\u1ea1i Mestalla.<\/p>\n\n\n\n<p>M\u1ed9t t\u00ecnh hu\u1ed1ng r\u1ea5t d\u1ec5 khi\u1ebfn ng\u01b0\u1eddi kh\u00e1c ph\u1eabn n\u1ed9 khi c\u00f3 th\u1ec3 C\u0110V li\u00ean t\u1ee5c h\u00f4 vang &#8216;mono, mono&#8217; (ti\u1ebfng Anh: Con kh\u1ec9) nh\u1eafm v\u00e0o Vinicius, kh\u00f4ng c\u00f3 g\u00ec ng\u1ea1c nhi\u00ean khi nh\u1eefng c\u1ea7u th\u1ee7 ng\u01b0\u1eddi Brazil d\u01b0\u1eddng nh\u01b0 r\u1ea5t t\u1ee9c gi\u1eadn.<\/p>\n\n\n\n<figure class=\"wp-block-image size-full\"><img loading=\"lazy\" decoding=\"async\" width=\"950\" height=\"549\" src=\"https:\/\/laligaupdate.com\/vn\/wp-content\/uploads\/sites\/5\/2023\/05\/image-9.png\" alt=\"\" class=\"wp-image-2051\" srcset=\"https:\/\/laligaupdate.com\/vn\/wp-content\/uploads\/sites\/5\/2023\/05\/image-9.png 950w, https:\/\/laligaupdate.com\/vn\/wp-content\/uploads\/sites\/5\/2023\/05\/image-9-300x173.png 300w, https:\/\/laligaupdate.com\/vn\/wp-content\/uploads\/sites\/5\/2023\/05\/image-9-768x444.png 768w, https:\/\/laligaupdate.com\/vn\/wp-content\/uploads\/sites\/5\/2023\/05\/image-9-590x341.png 590w\" sizes=\"auto, (max-width: 950px) 100vw, 950px\" \/><figcaption class=\"wp-element-caption\">Vinicius ch\u1ec9 tay v\u00e0o \u0111\u00e1m \u0111\u00f4ng Valencia<\/figcaption><\/figure>\n\n\n\n<p>Cu\u1ed1i tr\u1eadn, anh nh\u1eadn th\u1ebb \u0111\u1ecf tr\u1ef1c ti\u1ebfp \u1edf ph\u00fat b\u00f9 gi\u1edd sau m\u1ed9t pha x\u00f4 x\u00e1t v\u1edbi c\u00e1c c\u1ea7u th\u1ee7 Valencia.\u00a0C\u00f3 th\u1ec3 th\u1ea5y Vini lau n\u01b0\u1edbc m\u1eaft th\u1ea5t v\u1ecdng khi kh\u00e1n gi\u1ea3 nh\u00e0 d\u01b0\u1eddng nh\u01b0 kh\u00f4ng ng\u1eebng ch\u1ebf gi\u1ec5u.<\/p>\n\n\n\n<p>Theo t\u1edd ESPN t\u1eeb Brazil, \u0111\u1ea1i di\u1ec7n c\u1ee7a c\u1ea7u th\u1ee7 n\u00e0y \u0111\u00e3 ng\u1ecf l\u1eddi v\u1edbi anh v\u1ec1 kh\u1ea3 n\u0103ng r\u1eddi Real Madrid v\u00ec nh\u1eefng x\u00fac ph\u1ea1m mang t\u00ednh ph\u00e2n bi\u1ec7t ch\u1ee7ng t\u1ed9c m\u00e0 anh th\u01b0\u1eddng xuy\u00ean \u0111\u1ed1i di\u1ec7n \u1edf La Liga.<\/p>\n\n\n\n<p>Tuy nhi\u00ean, anh \u1ea5y ch\u01b0a c\u00e2n nh\u1eafc vi\u1ec7c r\u1eddi \u0111i v\u00e0o l\u00fac n\u00e0y, m\u1eb7c d\u00f9 anh \u1ea5y \u0111ang \u1edf giai \u0111o\u1ea1n cu\u1ed1i c\u00f9ng.<\/p>\n\n\n\n<h3 class=\"wp-block-heading\">D\u00f2ng tr\u1ea1ng th\u00e1i c\u1ee7a Vini tr\u00ean instagram<\/h3>\n\n\n\n<p>Tr\u1ea1ng th\u00e1i m\u00e0 anh \u0111\u0103ng tr\u00ean insta nh\u01b0 sau:<\/p>\n\n\n\n<p>\u201cPh\u1ea7n th\u01b0\u1edfng m\u00e0 nh\u1eefng k\u1ebb ph\u00e2n bi\u1ec7t ch\u1ee7ng t\u1ed9c gi\u00e0nh \u0111\u01b0\u1ee3c l\u00e0 t\u00f4i b\u1ecb \u0111u\u1ed5i kh\u1ecfi s\u00e2n.\u00a0\u0110\u00f3 kh\u00f4ng ph\u1ea3i l\u00e0 b\u00f3ng \u0111\u00e1, \u0111\u00f3 l\u00e0 LaLiga.\u201d<\/p>\n\n\n\n<p>Sau \u0111\u00e2y l\u00e0 d\u00f2ng tr\u1ea1ng th\u00e1i th\u1ee9 2 c\u1ee7a anh:<\/p>\n\n\n\n<p>\u201c\u0110\u00e2y kh\u00f4ng ph\u1ea3i l\u00e0 l\u1ea7n \u0111\u1ea7u ti\u00ean, c\u0169ng kh\u00f4ng ph\u1ea3i l\u1ea7n th\u1ee9 hai hay th\u1ee9 ba,\u201d anh \u1ea5y \u0111\u0103ng.<\/p>\n\n\n\n<figure class=\"wp-block-image size-full\"><img loading=\"lazy\" decoding=\"async\" width=\"800\" height=\"450\" src=\"https:\/\/laligaupdate.com\/vn\/wp-content\/uploads\/sites\/5\/2023\/05\/image-10.png\" alt=\"\" class=\"wp-image-2052\" srcset=\"https:\/\/laligaupdate.com\/vn\/wp-content\/uploads\/sites\/5\/2023\/05\/image-10.png 800w, https:\/\/laligaupdate.com\/vn\/wp-content\/uploads\/sites\/5\/2023\/05\/image-10-300x169.png 300w, https:\/\/laligaupdate.com\/vn\/wp-content\/uploads\/sites\/5\/2023\/05\/image-10-768x432.png 768w, https:\/\/laligaupdate.com\/vn\/wp-content\/uploads\/sites\/5\/2023\/05\/image-10-590x332.png 590w\" sizes=\"auto, (max-width: 800px) 100vw, 800px\" \/><\/figure>\n\n\n\n<p>\u201cPh\u00e2n bi\u1ec7t ch\u1ee7ng t\u1ed9c l\u00e0 chuy\u1ec7n th\u01b0\u1eddng t\u00ecnh \u1edf LaLiga.\u00a0BTC gi\u1ea3i \u0111\u1ea5u ngh\u0129 \u0111\u00f3 l\u00e0 chuy\u1ec7n b\u00ecnh th\u01b0\u1eddng, Li\u00ean \u0111o\u00e0n c\u0169ng v\u1eady v\u00e0 c\u00e1c \u0111\u1ed1i th\u1ee7 c\u0169ng khuy\u1ebfn kh\u00edch \u0111i\u1ec1u \u0111\u00f3.\u00a0T\u00f4i r\u1ea5t xin l\u1ed7i.<\/p>\n\n\n\n<p>\u201cGi\u1ea3i \u0111\u1ea5u t\u1eebng g\u1eafn li\u1ec1n v\u1edbi Ronaldinho, Ronaldo, Cristiano v\u00e0 Messi, ng\u00e0y nay thu\u1ed9c v\u1ec1 nh\u1eefng k\u1ebb ph\u00e2n bi\u1ec7t ch\u1ee7ng t\u1ed9c.<\/p>\n\n\n\n<p>\u201cXin l\u1ed7i nh\u1eefng ng\u01b0\u1eddi d\u00e2n T\u00e2y Ban Nha, nh\u01b0ng ng\u00e0y nay \u1edf Brazil, T\u00e2y Ban Nha \u0111\u01b0\u1ee3c bi\u1ebft \u0111\u1ebfn nh\u01b0 m\u1ed9t \u0111\u1ea5t n\u01b0\u1edbc c\u1ee7a nh\u1eefng k\u1ebb ph\u00e2n bi\u1ec7t ch\u1ee7ng t\u1ed9c<\/p>\n\n\n\n<p>\u201cV\u00e0 th\u1eadt kh\u00f4ng may v\u1edbi m\u1ecdi th\u1ee9 di\u1ec5n ra h\u00e0ng tu\u1ea7n, t\u00f4i kh\u00f4ng c\u00f3 c\u00e1ch n\u00e0o \u0111\u1ec3 gi\u1ea3m thi\u1ec3u v\u1ea5n n\u1ea1n n\u00e0y.\u00a0T\u00f4i \u0111\u1ed3ng \u00fd.<\/p>\n\n\n\n<p>\u201cNh\u01b0ng t\u00f4i l\u00e0 m\u1ed9t ng\u01b0\u1eddi m\u1ea1nh m\u1ebd v\u00e0 t\u00f4i s\u1ebd l\u00e0m m\u1ecdi c\u00e1ch \u0111\u1ec3 ch\u1ed1ng l\u1ea1i nh\u1eefng k\u1ebb ph\u00e2n bi\u1ec7t ch\u1ee7ng t\u1ed9c.<\/p>\n\n\n\n<p>\u201cNgay c\u1ea3 khi t\u00f4i r\u1eddi n\u01a1i \u0111\u00e2y \u0111i ch\u0103ng n\u1eefa.\u201d<\/p>\n","protected":false},"excerpt":{"rendered":"<p>Vinicius Jr \u0111e d\u1ecda r\u1eddi\u00a0La Liga\u00a0sau nh\u1eefng g\u00ec \u0111\u00e3 x\u1ea3y ra v\u1edbi ti\u1ec1n \u0111\u1ea1o Real Madrid t\u1ea1i Mestalla trong tr\u1eadn \u0111\u1ea5u v\u1edbi\u00a0Valencia\u00a0? C\u1eadp nh\u1eadt tin t\u1ee9c m\u1edbi La Liga t\u1ea1i \u0111\u00e2y\u00a0\u00a0 \u0110\u0102NG K\u00dd T\u00c0I KHO\u1ea2N M88 MANSION V\u00c0 NH\u1eacN TH\u01af\u1edeNG LALIGA NGAY! Ph\u00e2n bi\u1ec7t ch\u1ee7ng t\u1ed9c v\u00e0 kh\u1ea3 n\u0103ng Vini ra \u0111i T\u00ecnh hu\u1ed1ng ph\u00e2n [&hellip;]<\/p>\n","protected":false},"author":22,"featured_media":2053,"comment_status":"closed","ping_status":"closed","sticky":true,"template":"","format":"standard","meta":{"footnotes":""},"categories":[100],"tags":[358,357,356,79],"class_list":["post-2050","post","type-post","status-publish","format-standard","has-post-thumbnail","hentry","category-laliga-news","tag-pbct-la-liga","tag-phan-biet-chung-toc-o-la-liga","tag-vinicius-doa-roi-la-liga","tag-vinicius-jr"],"yoast_head":"<!-- This site is optimized with the Yoast SEO plugin v21.3 - https:\/\/yoast.com\/wordpress\/plugins\/seo\/ -->\n<title>Vinicius d\u1ecda r\u1eddi La Liga sau v\u1ee5 ph\u00e2n bi\u1ec7t ch\u1ee7ng t\u1ed9c \u1edf Valencia? - C\u1eadp nh\u1eadt La Liga<\/title>\n<meta name=\"description\" content=\"Vinicius Jr \u0111e d\u1ecda r\u1eddi\u00a0La Liga\u00a0sau nh\u1eefng g\u00ec \u0111\u00e3 x\u1ea3y ra v\u1edbi ti\u1ec1n \u0111\u1ea1o Real Madrid t\u1ea1i Mestalla trong tr\u1eadn \u0111\u1ea5u v\u1edbi\u00a0Valencia\u00a0?\" \/>\n<meta name=\"robots\" content=\"index, follow, max-snippet:-1, max-image-preview:large, max-video-preview:-1\" \/>\n<link rel=\"canonical\" href=\"https:\/\/laligaupdate.com\/vn\/vinicius-doa-roi-laliga-sau-vu-phan-biet-chung-toc-o-valencia\/\" \/>\n<meta property=\"og:locale\" content=\"vi_VN\" \/>\n<meta property=\"og:type\" content=\"article\" \/>\n<meta property=\"og:title\" content=\"Vinicius d\u1ecda r\u1eddi La Liga sau v\u1ee5 ph\u00e2n bi\u1ec7t ch\u1ee7ng t\u1ed9c \u1edf Valencia? - C\u1eadp nh\u1eadt La Liga\" \/>\n<meta property=\"og:description\" content=\"Vinicius Jr \u0111e d\u1ecda r\u1eddi\u00a0La Liga\u00a0sau nh\u1eefng g\u00ec \u0111\u00e3 x\u1ea3y ra v\u1edbi ti\u1ec1n \u0111\u1ea1o Real Madrid t\u1ea1i Mestalla trong tr\u1eadn \u0111\u1ea5u v\u1edbi\u00a0Valencia\u00a0?\" \/>\n<meta property=\"og:url\" content=\"https:\/\/laligaupdate.com\/vn\/vinicius-doa-roi-laliga-sau-vu-phan-biet-chung-toc-o-valencia\/\" \/>\n<meta property=\"og:site_name\" content=\"C\u1eadp nh\u1eadt La Liga\" \/>\n<meta property=\"article:published_time\" content=\"2023-05-23T06:10:07+00:00\" \/>\n<meta property=\"article:modified_time\" content=\"2023-05-23T06:11:55+00:00\" \/>\n<meta property=\"og:image\" content=\"https:\/\/laligaupdate.com\/vn\/wp-content\/uploads\/sites\/5\/2023\/05\/Vinicius-Jr-threatened-to-leave-La-Liga-after-racist-incident-at-Valencia.jpg\" \/>\n\t<meta property=\"og:image:width\" content=\"800\" \/>\n\t<meta property=\"og:image:height\" content=\"450\" \/>\n\t<meta property=\"og:image:type\" content=\"image\/jpeg\" \/>\n<meta name=\"author\" content=\"Jane\" \/>\n<meta name=\"twitter:card\" content=\"summary_large_image\" \/>\n<meta name=\"twitter:label1\" content=\"\u0110\u01b0\u1ee3c vi\u1ebft b\u1edfi\" \/>\n\t<meta name=\"twitter:data1\" content=\"Jane\" \/>\n\t<meta name=\"twitter:label2\" content=\"\u01af\u1edbc t\u00ednh th\u1eddi gian \u0111\u1ecdc\" \/>\n\t<meta name=\"twitter:data2\" content=\"4 ph\u00fat\" \/>\n<script type=\"application\/ld+json\" class=\"yoast-schema-graph\">{\"@context\":\"https:\/\/schema.org\",\"@graph\":[{\"@type\":\"Article\",\"@id\":\"https:\/\/laligaupdate.com\/vn\/vinicius-doa-roi-laliga-sau-vu-phan-biet-chung-toc-o-valencia\/#article\",\"isPartOf\":{\"@id\":\"https:\/\/laligaupdate.com\/vn\/vinicius-doa-roi-laliga-sau-vu-phan-biet-chung-toc-o-valencia\/\"},\"author\":{\"name\":\"Jane\",\"@id\":\"https:\/\/laligaupdate.com\/vn\/#\/schema\/person\/a2557bdd00a14d93cd525314480ff6fc\"},\"headline\":\"Vinicius d\u1ecda r\u1eddi La Liga sau v\u1ee5 ph\u00e2n bi\u1ec7t ch\u1ee7ng t\u1ed9c \u1edf Valencia?\",\"datePublished\":\"2023-05-23T06:10:07+00:00\",\"dateModified\":\"2023-05-23T06:11:55+00:00\",\"mainEntityOfPage\":{\"@id\":\"https:\/\/laligaupdate.com\/vn\/vinicius-doa-roi-laliga-sau-vu-phan-biet-chung-toc-o-valencia\/\"},\"wordCount\":739,\"publisher\":{\"@id\":\"https:\/\/laligaupdate.com\/vn\/#organization\"},\"keywords\":[\"PBCT La liga\",\"Ph\u00e2n bi\u1ec7t ch\u1ee7ng t\u1ed9c \u1edf La Liga\",\"Vinicius d\u1ecda r\u1eddi La Liga\",\"Vinicius Jr\"],\"articleSection\":[\"Tin T\u1ee9c LaLiga\"],\"inLanguage\":\"vi\"},{\"@type\":\"WebPage\",\"@id\":\"https:\/\/laligaupdate.com\/vn\/vinicius-doa-roi-laliga-sau-vu-phan-biet-chung-toc-o-valencia\/\",\"url\":\"https:\/\/laligaupdate.com\/vn\/vinicius-doa-roi-laliga-sau-vu-phan-biet-chung-toc-o-valencia\/\",\"name\":\"Vinicius d\u1ecda r\u1eddi La Liga sau v\u1ee5 ph\u00e2n bi\u1ec7t ch\u1ee7ng t\u1ed9c \u1edf Valencia? - C\u1eadp nh\u1eadt La Liga\",\"isPartOf\":{\"@id\":\"https:\/\/laligaupdate.com\/vn\/#website\"},\"datePublished\":\"2023-05-23T06:10:07+00:00\",\"dateModified\":\"2023-05-23T06:11:55+00:00\",\"description\":\"Vinicius Jr \u0111e d\u1ecda r\u1eddi\u00a0La Liga\u00a0sau nh\u1eefng g\u00ec \u0111\u00e3 x\u1ea3y ra v\u1edbi ti\u1ec1n \u0111\u1ea1o Real Madrid t\u1ea1i Mestalla trong tr\u1eadn \u0111\u1ea5u v\u1edbi\u00a0Valencia\u00a0?\",\"breadcrumb\":{\"@id\":\"https:\/\/laligaupdate.com\/vn\/vinicius-doa-roi-laliga-sau-vu-phan-biet-chung-toc-o-valencia\/#breadcrumb\"},\"inLanguage\":\"vi\",\"potentialAction\":[{\"@type\":\"ReadAction\",\"target\":[\"https:\/\/laligaupdate.com\/vn\/vinicius-doa-roi-laliga-sau-vu-phan-biet-chung-toc-o-valencia\/\"]}]},{\"@type\":\"BreadcrumbList\",\"@id\":\"https:\/\/laligaupdate.com\/vn\/vinicius-doa-roi-laliga-sau-vu-phan-biet-chung-toc-o-valencia\/#breadcrumb\",\"itemListElement\":[{\"@type\":\"ListItem\",\"position\":1,\"name\":\"Trang ch\u1ee7\",\"item\":\"https:\/\/laligaupdate.com\/vn\/\"},{\"@type\":\"ListItem\",\"position\":2,\"name\":\"Tin T\u1ee9c LaLiga\",\"item\":\"https:\/\/laligaupdate.com\/vn\/category\/laliga-news\/\"},{\"@type\":\"ListItem\",\"position\":3,\"name\":\"Vinicius d\u1ecda r\u1eddi La Liga sau v\u1ee5 ph\u00e2n bi\u1ec7t ch\u1ee7ng t\u1ed9c \u1edf Valencia?\"}]},{\"@type\":\"WebSite\",\"@id\":\"https:\/\/laligaupdate.com\/vn\/#website\",\"url\":\"https:\/\/laligaupdate.com\/vn\/\",\"name\":\"C\u1eadp nh\u1eadt La Liga\",\"description\":\"L\u00e0 trung t\u00e2m cung c\u1ea5p m\u1ecdi th\u1ee9 v\u1ec1 b\u00f3ng \u0111\u00e1 T\u00e2y Ban Nha.\",\"publisher\":{\"@id\":\"https:\/\/laligaupdate.com\/vn\/#organization\"},\"potentialAction\":[{\"@type\":\"SearchAction\",\"target\":{\"@type\":\"EntryPoint\",\"urlTemplate\":\"https:\/\/laligaupdate.com\/vn\/?s={search_term_string}\"},\"query-input\":\"required name=search_term_string\"}],\"inLanguage\":\"vi\"},{\"@type\":\"Organization\",\"@id\":\"https:\/\/laligaupdate.com\/vn\/#organization\",\"name\":\"C\u1eadp nh\u1eadt La Liga\",\"url\":\"https:\/\/laligaupdate.com\/vn\/\",\"logo\":{\"@type\":\"ImageObject\",\"inLanguage\":\"vi\",\"@id\":\"https:\/\/laligaupdate.com\/vn\/#\/schema\/logo\/image\/\",\"url\":\"https:\/\/laligaupdate.com\/vn\/wp-content\/uploads\/sites\/5\/2023\/06\/2288340e-0a23-4257-89c8-ac62c3db799c.png\",\"contentUrl\":\"https:\/\/laligaupdate.com\/vn\/wp-content\/uploads\/sites\/5\/2023\/06\/2288340e-0a23-4257-89c8-ac62c3db799c.png\",\"width\":696,\"height\":331,\"caption\":\"C\u1eadp nh\u1eadt La Liga\"},\"image\":{\"@id\":\"https:\/\/laligaupdate.com\/vn\/#\/schema\/logo\/image\/\"}},{\"@type\":\"Person\",\"@id\":\"https:\/\/laligaupdate.com\/vn\/#\/schema\/person\/a2557bdd00a14d93cd525314480ff6fc\",\"name\":\"Jane\",\"image\":{\"@type\":\"ImageObject\",\"inLanguage\":\"vi\",\"@id\":\"https:\/\/laligaupdate.com\/vn\/#\/schema\/person\/image\/\",\"url\":\"https:\/\/secure.gravatar.com\/avatar\/1a5281b7800623fd8fb890b3a25490b707425cd404a09f05b4edcc73482dc0b8?s=96&d=mm&r=g\",\"contentUrl\":\"https:\/\/secure.gravatar.com\/avatar\/1a5281b7800623fd8fb890b3a25490b707425cd404a09f05b4edcc73482dc0b8?s=96&d=mm&r=g\",\"caption\":\"Jane\"},\"url\":\"https:\/\/laligaupdate.com\/vn\/author\/janeh\/\"}]}<\/script>\n<!-- \/ Yoast SEO plugin. -->","yoast_head_json":{"title":"Vinicius d\u1ecda r\u1eddi La Liga sau v\u1ee5 ph\u00e2n bi\u1ec7t ch\u1ee7ng t\u1ed9c \u1edf Valencia? - C\u1eadp nh\u1eadt La Liga","description":"Vinicius Jr \u0111e d\u1ecda r\u1eddi\u00a0La Liga\u00a0sau nh\u1eefng g\u00ec \u0111\u00e3 x\u1ea3y ra v\u1edbi ti\u1ec1n \u0111\u1ea1o Real Madrid t\u1ea1i Mestalla trong tr\u1eadn \u0111\u1ea5u v\u1edbi\u00a0Valencia\u00a0?","robots":{"index":"index","follow":"follow","max-snippet":"max-snippet:-1","max-image-preview":"max-image-preview:large","max-video-preview":"max-video-preview:-1"},"canonical":"https:\/\/laligaupdate.com\/vn\/vinicius-doa-roi-laliga-sau-vu-phan-biet-chung-toc-o-valencia\/","og_locale":"vi_VN","og_type":"article","og_title":"Vinicius d\u1ecda r\u1eddi La Liga sau v\u1ee5 ph\u00e2n bi\u1ec7t ch\u1ee7ng t\u1ed9c \u1edf Valencia? - C\u1eadp nh\u1eadt La Liga","og_description":"Vinicius Jr \u0111e d\u1ecda r\u1eddi\u00a0La Liga\u00a0sau nh\u1eefng g\u00ec \u0111\u00e3 x\u1ea3y ra v\u1edbi ti\u1ec1n \u0111\u1ea1o Real Madrid t\u1ea1i Mestalla trong tr\u1eadn \u0111\u1ea5u v\u1edbi\u00a0Valencia\u00a0?","og_url":"https:\/\/laligaupdate.com\/vn\/vinicius-doa-roi-laliga-sau-vu-phan-biet-chung-toc-o-valencia\/","og_site_name":"C\u1eadp nh\u1eadt La Liga","article_published_time":"2023-05-23T06:10:07+00:00","article_modified_time":"2023-05-23T06:11:55+00:00","og_image":[{"width":800,"height":450,"url":"https:\/\/laligaupdate.com\/vn\/wp-content\/uploads\/sites\/5\/2023\/05\/Vinicius-Jr-threatened-to-leave-La-Liga-after-racist-incident-at-Valencia.jpg","type":"image\/jpeg"}],"author":"Jane","twitter_card":"summary_large_image","twitter_misc":{"\u0110\u01b0\u1ee3c vi\u1ebft b\u1edfi":"Jane","\u01af\u1edbc t\u00ednh th\u1eddi gian \u0111\u1ecdc":"4 ph\u00fat"},"schema":{"@context":"https:\/\/schema.org","@graph":[{"@type":"Article","@id":"https:\/\/laligaupdate.com\/vn\/vinicius-doa-roi-laliga-sau-vu-phan-biet-chung-toc-o-valencia\/#article","isPartOf":{"@id":"https:\/\/laligaupdate.com\/vn\/vinicius-doa-roi-laliga-sau-vu-phan-biet-chung-toc-o-valencia\/"},"author":{"name":"Jane","@id":"https:\/\/laligaupdate.com\/vn\/#\/schema\/person\/a2557bdd00a14d93cd525314480ff6fc"},"headline":"Vinicius d\u1ecda r\u1eddi La Liga sau v\u1ee5 ph\u00e2n bi\u1ec7t ch\u1ee7ng t\u1ed9c \u1edf Valencia?","datePublished":"2023-05-23T06:10:07+00:00","dateModified":"2023-05-23T06:11:55+00:00","mainEntityOfPage":{"@id":"https:\/\/laligaupdate.com\/vn\/vinicius-doa-roi-laliga-sau-vu-phan-biet-chung-toc-o-valencia\/"},"wordCount":739,"publisher":{"@id":"https:\/\/laligaupdate.com\/vn\/#organization"},"keywords":["PBCT La liga","Ph\u00e2n bi\u1ec7t ch\u1ee7ng t\u1ed9c \u1edf La Liga","Vinicius d\u1ecda r\u1eddi La Liga","Vinicius Jr"],"articleSection":["Tin T\u1ee9c LaLiga"],"inLanguage":"vi"},{"@type":"WebPage","@id":"https:\/\/laligaupdate.com\/vn\/vinicius-doa-roi-laliga-sau-vu-phan-biet-chung-toc-o-valencia\/","url":"https:\/\/laligaupdate.com\/vn\/vinicius-doa-roi-laliga-sau-vu-phan-biet-chung-toc-o-valencia\/","name":"Vinicius d\u1ecda r\u1eddi La Liga sau v\u1ee5 ph\u00e2n bi\u1ec7t ch\u1ee7ng t\u1ed9c \u1edf Valencia? - C\u1eadp nh\u1eadt La Liga","isPartOf":{"@id":"https:\/\/laligaupdate.com\/vn\/#website"},"datePublished":"2023-05-23T06:10:07+00:00","dateModified":"2023-05-23T06:11:55+00:00","description":"Vinicius Jr \u0111e d\u1ecda r\u1eddi\u00a0La Liga\u00a0sau nh\u1eefng g\u00ec \u0111\u00e3 x\u1ea3y ra v\u1edbi ti\u1ec1n \u0111\u1ea1o Real Madrid t\u1ea1i Mestalla trong tr\u1eadn \u0111\u1ea5u v\u1edbi\u00a0Valencia\u00a0?","breadcrumb":{"@id":"https:\/\/laligaupdate.com\/vn\/vinicius-doa-roi-laliga-sau-vu-phan-biet-chung-toc-o-valencia\/#breadcrumb"},"inLanguage":"vi","potentialAction":[{"@type":"ReadAction","target":["https:\/\/laligaupdate.com\/vn\/vinicius-doa-roi-laliga-sau-vu-phan-biet-chung-toc-o-valencia\/"]}]},{"@type":"BreadcrumbList","@id":"https:\/\/laligaupdate.com\/vn\/vinicius-doa-roi-laliga-sau-vu-phan-biet-chung-toc-o-valencia\/#breadcrumb","itemListElement":[{"@type":"ListItem","position":1,"name":"Trang ch\u1ee7","item":"https:\/\/laligaupdate.com\/vn\/"},{"@type":"ListItem","position":2,"name":"Tin T\u1ee9c LaLiga","item":"https:\/\/laligaupdate.com\/vn\/category\/laliga-news\/"},{"@type":"ListItem","position":3,"name":"Vinicius d\u1ecda r\u1eddi La Liga sau v\u1ee5 ph\u00e2n bi\u1ec7t ch\u1ee7ng t\u1ed9c \u1edf Valencia?"}]},{"@type":"WebSite","@id":"https:\/\/laligaupdate.com\/vn\/#website","url":"https:\/\/laligaupdate.com\/vn\/","name":"C\u1eadp nh\u1eadt La Liga","description":"L\u00e0 trung t\u00e2m cung c\u1ea5p m\u1ecdi th\u1ee9 v\u1ec1 b\u00f3ng \u0111\u00e1 T\u00e2y Ban Nha.","publisher":{"@id":"https:\/\/laligaupdate.com\/vn\/#organization"},"potentialAction":[{"@type":"SearchAction","target":{"@type":"EntryPoint","urlTemplate":"https:\/\/laligaupdate.com\/vn\/?s={search_term_string}"},"query-input":"required name=search_term_string"}],"inLanguage":"vi"},{"@type":"Organization","@id":"https:\/\/laligaupdate.com\/vn\/#organization","name":"C\u1eadp nh\u1eadt La Liga","url":"https:\/\/laligaupdate.com\/vn\/","logo":{"@type":"ImageObject","inLanguage":"vi","@id":"https:\/\/laligaupdate.com\/vn\/#\/schema\/logo\/image\/","url":"https:\/\/laligaupdate.com\/vn\/wp-content\/uploads\/sites\/5\/2023\/06\/2288340e-0a23-4257-89c8-ac62c3db799c.png","contentUrl":"https:\/\/laligaupdate.com\/vn\/wp-content\/uploads\/sites\/5\/2023\/06\/2288340e-0a23-4257-89c8-ac62c3db799c.png","width":696,"height":331,"caption":"C\u1eadp nh\u1eadt La Liga"},"image":{"@id":"https:\/\/laligaupdate.com\/vn\/#\/schema\/logo\/image\/"}},{"@type":"Person","@id":"https:\/\/laligaupdate.com\/vn\/#\/schema\/person\/a2557bdd00a14d93cd525314480ff6fc","name":"Jane","image":{"@type":"ImageObject","inLanguage":"vi","@id":"https:\/\/laligaupdate.com\/vn\/#\/schema\/person\/image\/","url":"https:\/\/secure.gravatar.com\/avatar\/1a5281b7800623fd8fb890b3a25490b707425cd404a09f05b4edcc73482dc0b8?s=96&d=mm&r=g","contentUrl":"https:\/\/secure.gravatar.com\/avatar\/1a5281b7800623fd8fb890b3a25490b707425cd404a09f05b4edcc73482dc0b8?s=96&d=mm&r=g","caption":"Jane"},"url":"https:\/\/laligaupdate.com\/vn\/author\/janeh\/"}]}},"_links":{"self":[{"href":"https:\/\/laligaupdate.com\/vn\/wp-json\/wp\/v2\/posts\/2050","targetHints":{"allow":["GET"]}}],"collection":[{"href":"https:\/\/laligaupdate.com\/vn\/wp-json\/wp\/v2\/posts"}],"about":[{"href":"https:\/\/laligaupdate.com\/vn\/wp-json\/wp\/v2\/types\/post"}],"author":[{"embeddable":true,"href":"https:\/\/laligaupdate.com\/vn\/wp-json\/wp\/v2\/users\/22"}],"replies":[{"embeddable":true,"href":"https:\/\/laligaupdate.com\/vn\/wp-json\/wp\/v2\/comments?post=2050"}],"version-history":[{"count":2,"href":"https:\/\/laligaupdate.com\/vn\/wp-json\/wp\/v2\/posts\/2050\/revisions"}],"predecessor-version":[{"id":2055,"href":"https:\/\/laligaupdate.com\/vn\/wp-json\/wp\/v2\/posts\/2050\/revisions\/2055"}],"wp:featuredmedia":[{"embeddable":true,"href":"https:\/\/laligaupdate.com\/vn\/wp-json\/wp\/v2\/media\/2053"}],"wp:attachment":[{"href":"https:\/\/laligaupdate.com\/vn\/wp-json\/wp\/v2\/media?parent=2050"}],"wp:term":[{"taxonomy":"category","embeddable":true,"href":"https:\/\/laligaupdate.com\/vn\/wp-json\/wp\/v2\/categories?post=2050"},{"taxonomy":"post_tag","embeddable":true,"href":"https:\/\/laligaupdate.com\/vn\/wp-json\/wp\/v2\/tags?post=2050"}],"curies":[{"name":"wp","href":"https:\/\/api.w.org\/{rel}","templated":true}]}}