{"id":2199,"date":"2023-06-26T07:19:27","date_gmt":"2023-06-26T07:19:27","guid":{"rendered":"https:\/\/laligaupdate.com\/vn\/?p=2199"},"modified":"2023-06-26T07:23:47","modified_gmt":"2023-06-26T07:23:47","slug":"laliga-nhung-vu-chuyen-nhuong-da-hoan-tat-2023-24","status":"publish","type":"post","link":"https:\/\/laligaupdate.com\/vn\/laliga-nhung-vu-chuyen-nhuong-da-hoan-tat-2023-24\/","title":{"rendered":"La Liga &#8211; Nh\u1eefng v\u1ee5 chuy\u1ec3n nh\u01b0\u1ee3ng \u0111\u00e3 ho\u00e0n t\u1ea5t 2023\/24"},"content":{"rendered":"\n<h3 class=\"wp-block-heading\">La Liga \u2013 Nh\u1eefng v\u1ee5 chuy\u1ec3n nh\u01b0\u1ee3ng \u0111\u00e3 ho\u00e0n t\u1ea5t n\u0103m 2023\/24, d\u01b0\u1edbi \u0111\u00e2y l\u00e0 danh s\u00e1ch nh\u1eefng v\u1ee5 chuy\u1ec3n nh\u01b0\u1ee3ng \u0111\u00e3 th\u1ef1c hi\u1ec7n cho \u0111\u1ebfn nay trong k\u1ef3 chuy\u1ec3n nh\u01b0\u1ee3ng M\u00f9a h\u00e8 \u2013 giai \u0111o\u1ea1n b\u1eadn r\u1ed9n nh\u1ea5t v\u00e0 quan tr\u1ecdng nh\u1ea5t \u0111\u1ec3 t\u0103ng c\u01b0\u1eddng l\u1ef1c l\u01b0\u1ee3ng.<\/h3>\n\n\n\n<p>La Liga, gi\u1ea3i \u0111\u1ea5u h\u00e0ng \u0111\u1ea7u T\u00e2y Ban Nha lu\u00f4n l\u00e0 m\u1ed9t trong nh\u1eefng gi\u1ea3i \u0111\u1ea5u l\u1edbn nh\u1ea5t ch\u00e2u \u00c2u. \u0110\u00e2y v\u1eeba l\u00e0 n\u01a1i h\u1ed9i t\u1ee5 nh\u1eefng t\u00e0i n\u0103ng xu\u1ea5t s\u1eafc nh\u1ea5t th\u1ebf gi\u1edbi \u0111\u1ec3 ch\u1ee9ng minh th\u1ef1c l\u1ef1c c\u1ee7a h\u1ecd v\u00e0 t\u00ecm ki\u1ebfm nh\u1eefng danh hi\u1ec7u cao qu\u00fd.<\/p>\n\n\n\n<p><a href=\"https:\/\/laligaupdate.com\/vn\/\" target=\"_blank\" rel=\"noreferrer noopener\">C\u1eadp nh\u1eadt tin t\u1ee9c m\u1edbi La Liga t\u1ea1i \u0111\u00e2y<\/a>\u00a0\u00a0<\/p>\n\n\n\n<p><a href=\"https:\/\/laligaupdate.com\/vn\/laliga-clubs\/barcelona\/\">Barcelona<\/a>,\u00a0\u200b\u200b<a href=\"https:\/\/laligaupdate.com\/vn\/laliga-clubs\/cau-lac-bo-real-madrid\/\">Real Madrid<\/a>\u00a0v\u00e0\u00a0<a href=\"https:\/\/laligaupdate.com\/vn\/laliga-clubs\/cau-lac-bo-atletico-madrid\/\">Atletico Madrid<\/a>\u00a0\u0111\u00e3 vung ti\u1ec1n cho c\u00e1c c\u1ea7u th\u1ee7 c\u1ee7a h\u1ecd.\u00a0\u0110\u1ed3ng th\u1eddi, c\u00e1c \u00f4ng l\u1edbn nh\u01b0 Sevilla, Valencia c\u0169ng mang v\u1ec1 nh\u1eefng t\u00e2n binh \u0111\u1ec3 chu\u1ea9n b\u1ecb cho m\u00f9a gi\u1ea3i m\u1edbi.<\/p>\n\n\n\n<figure class=\"wp-block-image size-full\"><img loading=\"lazy\" decoding=\"async\" width=\"800\" height=\"600\" src=\"https:\/\/laligaupdate.com\/vn\/wp-content\/uploads\/sites\/5\/2023\/06\/image-35.png\" alt=\"\" class=\"wp-image-2200\" srcset=\"https:\/\/laligaupdate.com\/vn\/wp-content\/uploads\/sites\/5\/2023\/06\/image-35.png 800w, https:\/\/laligaupdate.com\/vn\/wp-content\/uploads\/sites\/5\/2023\/06\/image-35-300x225.png 300w, https:\/\/laligaupdate.com\/vn\/wp-content\/uploads\/sites\/5\/2023\/06\/image-35-768x576.png 768w, https:\/\/laligaupdate.com\/vn\/wp-content\/uploads\/sites\/5\/2023\/06\/image-35-590x443.png 590w\" sizes=\"auto, (max-width: 800px) 100vw, 800px\" \/><figcaption class=\"wp-element-caption\">Barca v\u00f4 \u0111\u1ecbch La Liga m\u00f9a tr\u01b0\u1edbc<\/figcaption><\/figure>\n\n\n\n<p>H\u00e3y c\u00f9ng t\u00ecm hi\u1ec3u xem ai \u0111ang \u1edf trong k\u1ef3 chuy\u1ec3n nh\u01b0\u1ee3ng cho \u0111\u1ebfn nay.<\/p>\n\n\n\n<h3 class=\"wp-block-heading\">Chuy\u1ec3n nh\u01b0\u1ee3ng Almeria \u2013 nh\u1eefng b\u1ea3n h\u1ee3p \u0111\u1ed3ng m\u1edbi La Liga<\/h3>\n\n\n\n<figure class=\"wp-block-table\"><table class=\"has-fixed-layout\"><thead><tr><th class=\"has-text-align-left\" data-align=\"left\"><strong>C\u1ea7u th\u1ee7<\/strong><\/th><th><strong>Qu\u1ed1c t\u1ecbch<\/strong><\/th><th><strong>CLB c\u0169 <\/strong><\/th><th><strong>Ph\u00ed<\/strong><\/th><\/tr><\/thead><tbody><tr><td class=\"has-text-align-left\" data-align=\"left\">Luis Su\u00e1rez<\/td><td>Colombia\/T\u00e2y Ban Nha<\/td><td>Marseille<\/td><td>\u20ac8,00 tri\u1ec7u<\/td><\/tr><tr><td class=\"has-text-align-left\" data-align=\"left\">Cristian Olivera<\/td><td>Uruguay<\/td><td>Boston River<\/td><td>K\u1ebft th\u00fac H\u0110 cho m\u01b0\u1ee3n<\/td><\/tr><tr><td class=\"has-text-align-left\" data-align=\"left\">Nikola Maras<\/td><td>Serbia<\/td><td>Alaves<\/td><td>K\u1ebft th\u00fac H\u0110 cho m\u01b0\u1ee3n<\/td><\/tr><tr><td class=\"has-text-align-left\" data-align=\"left\">Arnau Sola<\/td><td>T\u00e2y Ban Nha<\/td><td>Real Murcia<\/td><td>K\u1ebft th\u00fac H\u0110 cho m\u01b0\u1ee3n<\/td><\/tr><tr><td class=\"has-text-align-left\" data-align=\"left\">Jordi Escobar<\/td><td>T\u00e2y Ban Nha<\/td><td>Betis Deportivo<\/td><td>K\u1ebft th\u00fac H\u0110 cho m\u01b0\u1ee3n<\/td><\/tr><tr><td class=\"has-text-align-left\" data-align=\"left\">Arvin Appiah<\/td><td>Anh\/H\u00e0 Lan<\/td><td>Malaga<\/td><td>K\u1ebft th\u00fac H\u0110 cho m\u01b0\u1ee3n<\/td><\/tr><tr><td class=\"has-text-align-left\" data-align=\"left\">Ivan Martos<\/td><td>T\u00e2y Ban Nha<\/td><td>FC Cartagena<\/td><td>K\u1ebft th\u00fac H\u0110 cho m\u01b0\u1ee3n<\/td><\/tr><tr><td class=\"has-text-align-left\" data-align=\"left\">Gui Guedes<\/td><td>B\u1ed3 \u0110\u00e0o Nha<\/td><td>CD Lugo<\/td><td>K\u1ebft th\u00fac H\u0110 cho m\u01b0\u1ee3n<\/td><\/tr><\/tbody><\/table><\/figure>\n\n\n\n<h3 class=\"wp-block-heading\">Athletic Bilbao \u2013 Nh\u1eefng b\u1ea3n h\u1ee3p \u0111\u1ed3ng m\u1edbi<\/h3>\n\n\n\n<figure class=\"wp-block-table is-style-regular\"><table class=\"has-fixed-layout\"><thead><tr><th><strong><strong>C\u1ea7u th\u1ee7<\/strong><\/strong><\/th><th><strong>Qu\u1ed1c t\u1ecbch<\/strong><\/th><th><strong><strong>CLB c\u0169 <\/strong><\/strong><\/th><th><strong>Ph\u00ed<\/strong><\/th><\/tr><\/thead><tbody><tr><td>Inigo Ruiz de Galarreta<\/td><td>T\u00e2y Ban Nha<\/td><td>Mallorca<\/td><td>Chuy\u1ec3n nh\u01b0\u1ee3ng t\u1ef1 do<\/td><\/tr><tr><td>Juan Artola<\/td><td>T\u00e2y Ban Nha<\/td><td>Burgos FC<\/td><td>K\u1ebft th\u00fac H\u0110 cho m\u01b0\u1ee3n<\/td><\/tr><tr><td>Imanol Garcia de Albeniz<\/td><td>T\u00e2y Ban Nha<\/td><td>Eibar<\/td><td>K\u1ebft th\u00fac H\u0110 cho m\u01b0\u1ee3n<\/td><\/tr><tr><td>Benat Pradoz<\/td><td>T\u00e2y Ban Nha<\/td><td>Miranda<\/td><td>K\u1ebft th\u00fac H\u0110 cho m\u01b0\u1ee3n<\/td><\/tr><tr><td>Alex Petxa<\/td><td>T\u00e2y Ban Nha<\/td><td>FC Andorra<\/td><td>K\u1ebft th\u00fac H\u0110 cho m\u01b0\u1ee3n<\/td><\/tr><tr><td>Nico Serrano<\/td><td>T\u00e2y Ban Nha<\/td><td>Miranda<\/td><td>K\u1ebft th\u00fac H\u0110 cho m\u01b0\u1ee3n<\/td><\/tr><tr><td>Peru Nolaskoain<\/td><td>T\u00e2y Ban Nha<\/td><td>Eibar<\/td><td>K\u1ebft th\u00fac H\u0110 cho m\u01b0\u1ee3n<\/td><\/tr><tr><td>Asier Villalibre<\/td><td>T\u00e2y Ban Nha<\/td><td>Alaves<\/td><td>K\u1ebft th\u00fac H\u0110 cho m\u01b0\u1ee3n<\/td><\/tr><\/tbody><\/table><\/figure>\n\n\n\n<h3 class=\"wp-block-heading\">Atletico Madrid \u2013 Nh\u1eefng b\u1ea3n h\u1ee3p \u0111\u1ed3ng m\u1edbi<\/h3>\n\n\n\n<figure class=\"wp-block-table is-style-regular\"><table class=\"has-fixed-layout\"><thead><tr><th><strong><strong><strong>C\u1ea7u th\u1ee7<\/strong><\/strong><\/strong><\/th><th><strong>Qu\u1ed1c t\u1ecbch<\/strong><\/th><th><strong><strong>CLB c\u0169 <\/strong><\/strong><\/th><th><strong>Ph\u00ed<\/strong><\/th><\/tr><\/thead><tbody><tr><td>Antoine Griezmann<\/td><td>Ph\u00e1p<\/td><td>FC Barcelona<\/td><td>20 tri\u1ec7u \u20ac (\u0110i\u1ec1u kho\u1ea3n mua \u0111\u01b0\u1ee3c k\u00edch ho\u1ea1t)<\/td><\/tr><tr><td>Sergio Camello<\/td><td>T\u00e2y ban nha<\/td><td>Rayo Vallecano<\/td><td>K\u1ebft th\u00fac H\u0110 cho m\u01b0\u1ee3n<\/td><\/tr><tr><td>Giuliano Simeone<\/td><td>T\u00e2y Ban Nha\/Argentina<\/td><td>Real Zaragoza<\/td><td>K\u1ebft th\u00fac H\u0110 cho m\u01b0\u1ee3n<\/td><\/tr><tr><td>Victor Mollejo<\/td><td>T\u00e2y ban nha<\/td><td>Real Zaragoza<\/td><td>K\u1ebft th\u00fac H\u0110 cho m\u01b0\u1ee3n<\/td><\/tr><tr><td>Barja Garces<\/td><td>T\u00e2y ban nha<\/td><td>CD Tenerife<\/td><td>K\u1ebft th\u00fac H\u0110 cho m\u01b0\u1ee3n<\/td><\/tr><tr><td>Vitolo<\/td><td>T\u00e2y ban nha<\/td><td>Las Palmas<\/td><td>K\u1ebft th\u00fac H\u0110 cho m\u01b0\u1ee3n<\/td><\/tr><tr><td>Manu S\u00e1nchez<\/td><td>T\u00e2y ban nha<\/td><td>Osasuna<\/td><td>K\u1ebft th\u00fac H\u0110 cho m\u01b0\u1ee3n<\/td><\/tr><tr><td>Samuel Lino<\/td><td>Brazil<\/td><td>Valencia<\/td><td>K\u1ebft th\u00fac H\u0110 cho m\u01b0\u1ee3n<\/td><\/tr><tr><td>Rodrigo Riquelme<\/td><td>T\u00e2y ban nha<\/td><td>girona<\/td><td>K\u1ebft th\u00fac H\u0110 cho m\u01b0\u1ee3n<\/td><\/tr><tr><td>Renan Lodi<\/td><td>Brazil<\/td><td>Nottingham Forest<\/td><td>K\u1ebft th\u00fac H\u0110 cho m\u01b0\u1ee3n<\/td><\/tr><tr><td>Jo\u00e3o Felix<\/td><td>B\u1ed3 \u0110\u00e0o Nha<\/td><td>Chelsea<\/td><td>K\u1ebft th\u00fac H\u0110 cho m\u01b0\u1ee3n<\/td><\/tr><tr><td>Juan Manuel Sanabria<\/td><td>Uruguay<\/td><td>Atletico San Luis<\/td><td>K\u1ebft th\u00fac H\u0110 cho m\u01b0\u1ee3n<\/td><\/tr><\/tbody><\/table><\/figure>\n\n\n\n<h3 class=\"wp-block-heading\">Barcelona \u2013 Nh\u1eefng b\u1ea3n h\u1ee3p \u0111\u1ed3ng m\u1edbi<\/h3>\n\n\n\n<figure class=\"wp-block-table\"><table class=\"has-fixed-layout\"><thead><tr><th><strong><strong><strong>C\u1ea7u th\u1ee7<\/strong><\/strong><\/strong><\/th><th><strong>Qu\u1ed1c t\u1ecbch<\/strong><\/th><th><strong><strong>CLB c\u0169 <\/strong><\/strong><\/th><th><strong>Ph\u00ed<\/strong><\/th><\/tr><\/thead><tbody><tr><td>Clement Lenglet<\/td><td>Ph\u00e1p<\/td><td>Tottenham Hotspur<\/td><td>K\u1ebft th\u00fac H\u0110 cho m\u01b0\u1ee3n<\/td><\/tr><tr><td>Nico Gonzalez<\/td><td>T\u00e2y ban nha<\/td><td>Valencia<\/td><td>K\u1ebft th\u00fac H\u0110 cho m\u01b0\u1ee3n<\/td><\/tr><tr><td>Alex Collado<\/td><td>T\u00e2y ban nha<\/td><td>Elche<\/td><td>K\u1ebft th\u00fac H\u0110 cho m\u01b0\u1ee3n<\/td><\/tr><tr><td>Samuel Umtiti<\/td><td>Ph\u00e1p\/Cameroon<\/td><td>Lecce<\/td><td>K\u1ebft th\u00fac H\u0110 cho m\u01b0\u1ee3n<\/td><\/tr><tr><td>Sergino Dest<\/td><td>M\u1ef9\/H\u00e0 Lan<\/td><td>AC Milan<\/td><td>K\u1ebft th\u00fac H\u0110 cho m\u01b0\u1ee3n<\/td><\/tr><tr><td>Abde Ezzalzouli<\/td><td>Maroc\/T\u00e2y Ban Nha<\/td><td>Osasuna<\/td><td>K\u1ebft th\u00fac H\u0110 cho m\u01b0\u1ee3n<\/td><\/tr><tr><td>Mikayil Faye<\/td><td>S\u00e9n\u00e9gal<\/td><td>NK Kustosija Zagreb<\/td><td>5 tri\u1ec7u euro<\/td><\/tr><\/tbody><\/table><\/figure>\n\n\n\n<figure class=\"wp-block-image size-large\"><img loading=\"lazy\" decoding=\"async\" width=\"1024\" height=\"683\" src=\"https:\/\/laligaupdate.com\/vn\/wp-content\/uploads\/sites\/5\/2023\/06\/image-36-1024x683.png\" alt=\"\" class=\"wp-image-2201\" srcset=\"https:\/\/laligaupdate.com\/vn\/wp-content\/uploads\/sites\/5\/2023\/06\/image-36-1024x683.png 1024w, https:\/\/laligaupdate.com\/vn\/wp-content\/uploads\/sites\/5\/2023\/06\/image-36-300x200.png 300w, https:\/\/laligaupdate.com\/vn\/wp-content\/uploads\/sites\/5\/2023\/06\/image-36-768x512.png 768w, https:\/\/laligaupdate.com\/vn\/wp-content\/uploads\/sites\/5\/2023\/06\/image-36-590x393.png 590w, https:\/\/laligaupdate.com\/vn\/wp-content\/uploads\/sites\/5\/2023\/06\/image-36.png 1200w\" sizes=\"auto, (max-width: 1024px) 100vw, 1024px\" \/><\/figure>\n\n\n\n<p><strong>D\u1ef1 \u0111o\u00e1n k\u1ebft qu\u1ea3 b\u00f3ng \u0111\u00e1 t\u1ea1i\u00a0<a href=\"https:\/\/record.brave158.com\/_cvKXN19j5PQlu5cdA8BczmNd7ZgqdRLk\/3\/\" target=\"_blank\" rel=\"noreferrer noopener\">\u0110\u00c2Y<\/a><\/strong><\/p>\n\n\n\n<h3 class=\"wp-block-heading\">Chuy\u1ec3n nh\u01b0\u1ee3ng Cadiz \u2013 Nh\u1eefng b\u1ea3n h\u1ee3p \u0111\u1ed3ng m\u1edbi<\/h3>\n\n\n\n<figure class=\"wp-block-table\"><table class=\"has-fixed-layout\"><thead><tr><th><strong>C\u1ea7u th\u1ee7<\/strong><\/th><th><strong><strong>Qu\u1ed1c t\u1ecbch<\/strong><\/strong><\/th><th><strong><strong><strong>CLB c\u0169 <\/strong><\/strong><\/strong><\/th><th><strong>Ph\u00ed<\/strong><\/th><\/tr><\/thead><tbody><tr><td>Gonzalo Escalante<\/td><td>Argentina\/\u00dd<\/td><td>Lazio<\/td><td>\u20ac2.50m&nbsp;<\/td><\/tr><tr><td>Sergi Guardiola<\/td><td>T\u00e2y Ban Nha<\/td><td>Real Valladolid<\/td><td>\u20ac1.00m<\/td><\/tr><tr><td>Juan Flere<\/td><td>Argentina\/\u00dd<\/td><td>Algeciras CF<\/td><td>K\u1ebft th\u00fac H\u0110 cho m\u01b0\u1ee3n<\/td><\/tr><tr><td>Alvaro Jimenez<\/td><td>T\u00e2y Ban Nha<\/td><td>Las Palmas<\/td><td>K\u1ebft th\u00fac H\u0110 cho m\u01b0\u1ee3n<\/td><\/tr><tr><td>Milutin Osmajic<\/td><td>Morocco<\/td><td>Vizela<\/td><td>K\u1ebft th\u00fac H\u0110 cho m\u01b0\u1ee3n<\/td><\/tr><tr><td>Martin Calderon<\/td><td>T\u00e2y Ban Nha<\/td><td>Celta Vigo B<\/td><td>K\u1ebft th\u00fac H\u0110 cho m\u01b0\u1ee3n<\/td><\/tr><tr><td>Ivan Chapela<\/td><td>T\u00e2y Ban Nha<\/td><td>Unionistas CF<\/td><td>K\u1ebft th\u00fac H\u0110 cho m\u01b0\u1ee3n<\/td><\/tr><tr><td>Tomas Alarcon<\/td><td>Chile<\/td><td>Real Zaragoza<\/td><td>K\u1ebft th\u00fac H\u0110 cho m\u01b0\u1ee3n<\/td><\/tr><tr><td>Awer Mabil<\/td><td>\u00dac\/Sudan<\/td><td>Sparta Prague<\/td><td>K\u1ebft th\u00fac H\u0110 cho m\u01b0\u1ee3n<\/td><\/tr><\/tbody><\/table><\/figure>\n\n\n\n<h3 class=\"wp-block-heading\">Celta Vigo \u2013 Nh\u1eefng b\u1ea3n h\u1ee3p \u0111\u1ed3ng m\u1edbi<\/h3>\n\n\n\n<figure class=\"wp-block-table\"><table class=\"has-fixed-layout\"><thead><tr><th><strong><strong>C\u1ea7u th\u1ee7<\/strong><\/strong><\/th><th><strong><strong>Qu\u1ed1c t\u1ecbch<\/strong><\/strong><\/th><th><strong><strong><strong>CLB c\u0169 <\/strong><\/strong><\/strong><\/th><th><strong><strong>Ph\u00ed<\/strong><\/strong><\/th><\/tr><\/thead><tbody><tr><td>Jose Fontan<\/td><td>T\u00e2y Ban Nha<\/td><td>Go Ahead Eagles<\/td><td>K\u1ebft th\u00fac H\u0110 cho m\u01b0\u1ee3n<\/td><\/tr><tr><td>Orbelin Pineda<\/td><td>Mexico<\/td><td>AEK Athens<\/td><td>K\u1ebft th\u00fac H\u0110 cho m\u01b0\u1ee3n<\/td><\/tr><tr><td>Ruben Blanco<\/td><td>T\u00e2y Ban Nha<\/td><td>Marseille<\/td><td>K\u1ebft th\u00fac H\u0110 cho m\u01b0\u1ee3n<\/td><\/tr><tr><td>Julen Lobete<\/td><td>T\u00e2y Ban Nha<\/td><td>RKC Waalwijk<\/td><td>K\u1ebft th\u00fac H\u0110 cho m\u01b0\u1ee3n<\/td><\/tr><tr><td>Sergio Carreira<\/td><td>T\u00e2y Ban Nha<\/td><td>Villarreal B<\/td><td>K\u1ebft th\u00fac H\u0110 cho m\u01b0\u1ee3n<\/td><\/tr><tr><td>Santi Mina<\/td><td>T\u00e2y Ban Nha<\/td><td>Al-Shabab<\/td><td>K\u1ebft th\u00fac H\u0110 cho m\u01b0\u1ee3n<\/td><\/tr><tr><td>Miguel Baeza<\/td><td>T\u00e2y Ban Nha<\/td><td>Rio Ave<\/td><td>K\u1ebft th\u00fac H\u0110 cho m\u01b0\u1ee3n<\/td><\/tr><tr><td>Denis Suarez<\/td><td>T\u00e2y Ban Nha<\/td><td>Espanyol<\/td><td>K\u1ebft th\u00fac H\u0110 cho m\u01b0\u1ee3n<\/td><\/tr><tr><td>Alfon Gonzalez<\/td><td>T\u00e2y Ban Nha<\/td><td>Real Murcia<\/td><td>K\u1ebft th\u00fac H\u0110 cho m\u01b0\u1ee3n<\/td><\/tr><tr><td>Gabriel yFernandez<\/td><td>Uruguay<\/td><td>FC Juarez<\/td><td>K\u1ebft th\u00fac H\u0110 cho m\u01b0\u1ee3n<\/td><\/tr><\/tbody><\/table><\/figure>\n\n\n\n<h3 class=\"wp-block-heading\">Granada \u2013 Nh\u1eefng b\u1ea3n h\u1ee3p \u0111\u1ed3ng m\u1edbi<\/h3>\n\n\n\n<figure class=\"wp-block-table\"><table class=\"has-fixed-layout\"><thead><tr><th><strong><strong>C\u1ea7u th\u1ee7<\/strong><\/strong><\/th><th><strong><strong>Qu\u1ed1c t\u1ecbch<\/strong><\/strong><\/th><th><strong><strong><strong>CLB c\u0169 <\/strong><\/strong><\/strong><\/th><th><strong><strong>Ph\u00ed<\/strong><\/strong><\/th><\/tr><\/thead><tbody><tr><td>Shon Weissman<\/td><td>Israel\/B\u1ed3 \u0110\u00e0o Nha<\/td><td>Real Valladolid<\/td><td>\u20ac3.50m<\/td><\/tr><tr><td>Alpha Diounkou<\/td><td>Senegal\/T\u00e2y Ban Nha<\/td><td>Barca Athletic<\/td><td>K\u1ebft th\u00fac H\u0110 cho m\u01b0\u1ee3n<\/td><\/tr><tr><td>Isma Ruiz<\/td><td>T\u00e2y Ban Nha<\/td><td>UD Ibiza<\/td><td>K\u1ebft th\u00fac H\u0110 cho m\u01b0\u1ee3n<\/td><\/tr><tr><td>Adrian Butzke<\/td><td>T\u00e2y Ban Nha<\/td><td>Pacos Ferreira<\/td><td>K\u1ebft th\u00fac H\u0110 cho m\u01b0\u1ee3n<\/td><\/tr><tr><td>Antonin<\/td><td>T\u00e2y Ban Nha<\/td><td>Anorthosis<\/td><td>K\u1ebft th\u00fac H\u0110 cho m\u01b0\u1ee3n<\/td><\/tr><tr><td>Matias Arezo<\/td><td>Uruguay<\/td><td>Penarol<\/td><td>K\u1ebft th\u00fac H\u0110 cho m\u01b0\u1ee3n<\/td><\/tr><tr><td>Pepe Sanchez<\/td><td>T\u00e2y Ban Nha<\/td><td>Deportivo La Coruna<\/td><td>K\u1ebft th\u00fac H\u0110 cho m\u01b0\u1ee3n<\/td><\/tr><\/tbody><\/table><\/figure>\n\n\n\n<h3 class=\"wp-block-heading\">Las Palmas \u2013 Nh\u1eefng b\u1ea3n h\u1ee3p \u0111\u1ed3ng m\u1edbi<\/h3>\n\n\n\n<figure class=\"wp-block-table\"><table class=\"has-fixed-layout\"><thead><tr><th><strong><strong>C\u1ea7u th\u1ee7<\/strong><\/strong><\/th><th><strong><strong>Qu\u1ed1c t\u1ecbch<\/strong><\/strong><\/th><th><strong><strong><strong>CLB c\u0169 <\/strong><\/strong><\/strong><\/th><th><strong><strong>Ph\u00ed<\/strong><\/strong><\/th><\/tr><\/thead><tbody><tr><td>Sandro Ramirez<\/td><td>T\u00e2y Ban Nha<\/td><td>SD Huesca<\/td><td>\u20ac1m<\/td><\/tr><tr><td>Unai Veiga<\/td><td>T\u00e2y Ban Nha<\/td><td>Unionistas<\/td><td>K\u1ebft th\u00fac H\u0110 cho m\u01b0\u1ee3n<\/td><\/tr><tr><td>Joel del Pino<\/td><td>T\u00e2y Ban Nha<\/td><td>RB Linense<\/td><td>K\u1ebft th\u00fac H\u0110 cho m\u01b0\u1ee3n<\/td><\/tr><tr><td>Oscar Pinchi<\/td><td>T\u00e2y Ban Nha<\/td><td>CD Mirandes<\/td><td>K\u1ebft th\u00fac H\u0110 cho m\u01b0\u1ee3n<\/td><\/tr><tr><td>Clau Mendes<\/td><td>T\u00e2y Ban Nha\/Guinea-Bissau<\/td><td>UD Logrones<\/td><td>K\u1ebft th\u00fac H\u0110 cho m\u01b0\u1ee3n<\/td><\/tr><\/tbody><\/table><\/figure>\n\n\n\n<h3 class=\"wp-block-heading\">Getafe \u2013 Nh\u1eefng b\u1ea3n h\u1ee3p \u0111\u1ed3ng m\u1edbi<\/h3>\n\n\n\n<figure class=\"wp-block-table\"><table class=\"has-fixed-layout\"><thead><tr><th><strong><strong>C\u1ea7u th\u1ee7<\/strong><\/strong><\/th><th><strong><strong>Qu\u1ed1c t\u1ecbch<\/strong><\/strong><\/th><th><strong><strong><strong>CLB c\u0169 <\/strong><\/strong><\/strong><\/th><th><strong><strong>Ph\u00ed<\/strong><\/strong><\/th><\/tr><\/thead><tbody><tr><td>Portu<\/td><td>T\u00e2y Ban Nha<\/td><td>Real Sociedad<\/td><td>\u20ac3.00m<\/td><\/tr><tr><td>Jack Harper<\/td><td>Scotland\/T\u00e2y Ban Nha<\/td><td>Hercules<\/td><td>K\u1ebft th\u00fac H\u0110 cho m\u01b0\u1ee3n<\/td><\/tr><tr><td>Jonathan Silva<\/td><td>Argentina\/\u00dd<\/td><td>Granada<\/td><td>K\u1ebft th\u00fac H\u0110 cho m\u01b0\u1ee3n<\/td><\/tr><tr><td>Erick Cabaco<\/td><td>Uruguay\/\u00dd<\/td><td>Granada<\/td><td>K\u1ebft th\u00fac H\u0110 cho m\u01b0\u1ee3n<\/td><\/tr><tr><td>Sabi Abdulai<\/td><td>Ghana<\/td><td>Ponferradina<\/td><td>K\u1ebft th\u00fac H\u0110 cho m\u01b0\u1ee3n<\/td><\/tr><tr><td>Jakub Jankto<\/td><td>Czech Republic<\/td><td>Sparta Prague<\/td><td>K\u1ebft th\u00fac H\u0110 cho m\u01b0\u1ee3n<\/td><\/tr><tr><td>Dario Poveda<\/td><td>T\u00e2y Ban Nha<\/td><td>Cartagena<\/td><td>K\u1ebft th\u00fac H\u0110 cho m\u01b0\u1ee3n<\/td><\/tr><tr><td>Omar Alderete<\/td><td>Paraguay<\/td><td>Hertha Berlin<\/td><td>\u20ac4m<\/td><\/tr><\/tbody><\/table><\/figure>\n\n\n\n<h3 class=\"wp-block-heading\">Girona \u2013 Nh\u1eefng b\u1ea3n h\u1ee3p \u0111\u1ed3ng m\u1edbi<\/h3>\n\n\n\n<figure class=\"wp-block-table\"><table class=\"has-fixed-layout\"><thead><tr><th><strong><strong>C\u1ea7u th\u1ee7<\/strong><\/strong><\/th><th><strong><strong>Qu\u1ed1c t\u1ecbch<\/strong><\/strong><\/th><th><strong><strong><strong>CLB c\u0169 <\/strong><\/strong><\/strong><\/th><th><strong><strong>Ph\u00ed<\/strong><\/strong><\/th><\/tr><\/thead><tbody><tr><td>Paulo Gazzaniga<\/td><td>Argentina\/\u00dd<\/td><td>Fulham<\/td><td>Mi\u1ec5n ph\u00ed <\/td><\/tr><tr><td>Manu Vallejo<\/td><td>T\u00e2y Ban Nha<\/td><td>Real Oviedo<\/td><td>K\u1ebft th\u00fac H\u0110 cho m\u01b0\u1ee3n<\/td><\/tr><tr><td>Ramon Terrats<\/td><td>T\u00e2y Ban Nha<\/td><td>Villarreal<\/td><td>K\u1ebft th\u00fac H\u0110 cho m\u01b0\u1ee3n<\/td><\/tr><tr><td>Oscar Urena<\/td><td>T\u00e2y Ban Nha\/Dominican Republic<\/td><td>FC Cartagena<\/td><td>K\u1ebft th\u00fac H\u0110 cho m\u01b0\u1ee3n<\/td><\/tr><tr><td>Eric Monjonell<\/td><td>T\u00e2y Ban Nha<\/td><td>Lommel SK<\/td><td>K\u1ebft th\u00fac H\u0110 cho m\u01b0\u1ee3n<\/td><\/tr><tr><td>Alex Sala<\/td><td>T\u00e2y Ban Nha<\/td><td>CF Sabadell<\/td><td>K\u1ebft th\u00fac H\u0110 cho m\u01b0\u1ee3n<\/td><\/tr><tr><td>Pau Victor<\/td><td>T\u00e2y Ban Nha<\/td><td>CF Sabadell<\/td><td>K\u1ebft th\u00fac H\u0110 cho m\u01b0\u1ee3n<\/td><\/tr><tr><td>Arnau Ortiz<\/td><td>T\u00e2y Ban Nha<\/td><td>Real Murcia<\/td><td>K\u1ebft th\u00fac H\u0110 cho m\u01b0\u1ee3n<\/td><\/tr><tr><td>Ilyas Chaira<\/td><td>Morocco<\/td><td>San Fernando CD<\/td><td>K\u1ebft th\u00fac H\u0110 cho m\u01b0\u1ee3n<\/td><\/tr><tr><td>Gabri Martinez<\/td><td>T\u00e2y Ban Nha<\/td><td>San Fernando CD<\/td><td>K\u1ebft th\u00fac H\u0110 cho m\u01b0\u1ee3n<\/td><\/tr><\/tbody><\/table><\/figure>\n\n\n\n<h3 class=\"wp-block-heading\">Mallorca \u2013 Nh\u1eefng b\u1ea3n h\u1ee3p \u0111\u1ed3ng m\u1edbi<\/h3>\n\n\n\n<figure class=\"wp-block-table\"><table class=\"has-fixed-layout\"><thead><tr><th><strong><strong>C\u1ea7u th\u1ee7<\/strong><\/strong><\/th><th><strong><strong>Qu\u1ed1c t\u1ecbch<\/strong><\/strong><\/th><th><strong><strong><strong>CLB c\u0169 <\/strong><\/strong><\/strong><\/th><th><strong><strong>Ph\u00ed<\/strong><\/strong><\/th><\/tr><\/thead><tbody><tr><td>Manu Morlanes<\/td><td>T\u00e2y Ban Nha<\/td><td>Villareal<\/td><td>4 tri\u1ec7u euro<\/td><\/tr><tr><td>Jordi Mboula<\/td><td>T\u00e2y Ban Nha<\/td><td>Racing<\/td><td>K\u1ebft th\u00fac H\u0110 cho m\u01b0\u1ee3n<\/td><\/tr><tr><td>Javi Llabres<\/td><td>T\u00e2y Ban Nha<\/td><td>Mirandes<\/td><td>K\u1ebft th\u00fac H\u0110 cho m\u01b0\u1ee3n<\/td><\/tr><\/tbody><\/table><\/figure>\n\n\n\n<h3 class=\"wp-block-heading\">Osasuna \u2013 Nh\u1eefng b\u1ea3n h\u1ee3p \u0111\u1ed3ng m\u1edbi<\/h3>\n\n\n\n<figure class=\"wp-block-table\"><table class=\"has-fixed-layout\"><thead><tr><th><strong><strong>C\u1ea7u th\u1ee7<\/strong><\/strong><\/th><th><strong><strong>Qu\u1ed1c t\u1ecbch<\/strong><\/strong><\/th><th><strong><strong><strong>CLB c\u0169 <\/strong><\/strong><\/strong><\/th><th><strong><strong>Ph\u00ed<\/strong><\/strong><\/th><\/tr><\/thead><tbody><tr><td>Jesus Areso<\/td><td>T\u00e2y Ban Nha<\/td><td>Burgos<\/td><td>K\u1ebft th\u00fac H\u0110 cho m\u01b0\u1ee3n<\/td><\/tr><tr><td>Javi Martinez<\/td><td>T\u00e2y Ban Nha<\/td><td>Huesca<\/td><td>K\u1ebft th\u00fac H\u0110 cho m\u01b0\u1ee3n<\/td><\/tr><tr><td>Alejandro Catena<\/td><td>T\u00e2y Ban Nha<\/td><td>Rayo Vallecano<\/td><td>Chuy\u1ec3n nh\u01b0\u1ee3ng t\u1ef1 do<\/td><\/tr><tr><td>Jose Manuel Arnaiz<\/td><td>T\u00e2y Ban Nha<\/td><td>Leganes<\/td><td>Chuy\u1ec3n nh\u01b0\u1ee3ng t\u1ef1 do<\/td><\/tr><\/tbody><\/table><\/figure>\n\n\n\n<h3 class=\"wp-block-heading\">Rayo Vallecano \u2013 Nh\u1eefng b\u1ea3n h\u1ee3p \u0111\u1ed3ng m\u1edbi<\/h3>\n\n\n\n<figure class=\"wp-block-table\"><table class=\"has-fixed-layout\"><thead><tr><th><strong><strong>C\u1ea7u th\u1ee7<\/strong><\/strong><\/th><th><strong><strong>Qu\u1ed1c t\u1ecbch<\/strong><\/strong><\/th><th><strong><strong><strong>CLB c\u0169 <\/strong><\/strong><\/strong><\/th><th><strong><strong>Ph\u00ed<\/strong><\/strong><\/th><\/tr><\/thead><tbody><tr><td>Randy Nteka<\/td><td>Ph\u00e1p\/Angola<\/td><td>Elche<\/td><td>K\u1ebft th\u00fac H\u0110 cho m\u01b0\u1ee3n<\/td><\/tr><tr><td>Bebe<\/td><td>Cape Verde\/B\u1ed3 \u0110\u00e0o Nha<\/td><td>Real Zaragoza<\/td><td>K\u1ebft th\u00fac H\u0110 cho m\u01b0\u1ee3n<\/td><\/tr><tr><td>Sergio Moreno<\/td><td>T\u00e2y Ban Nha<\/td><td>Osasuna Prom<\/td><td>K\u1ebft th\u00fac H\u0110 cho m\u01b0\u1ee3n<\/td><\/tr><tr><td>Joni Montiel<\/td><td>T\u00e2y Ban Nha<\/td><td>Levante<\/td><td>K\u1ebft th\u00fac H\u0110 cho m\u01b0\u1ee3n<\/td><\/tr><tr><td>Jorge Moreno<\/td><td>T\u00e2y Ban Nha<\/td><td>Cordoba<\/td><td>K\u1ebft th\u00fac H\u0110 cho m\u01b0\u1ee3n<\/td><\/tr><tr><td>Martin Pascual<\/td><td>T\u00e2y Ban Nha<\/td><td>UD Ibiza<\/td><td>K\u1ebft th\u00fac H\u0110 cho m\u01b0\u1ee3n<\/td><\/tr><\/tbody><\/table><\/figure>\n\n\n\n<h3 class=\"wp-block-heading\">Real Betis \u2013 Nh\u1eefng b\u1ea3n h\u1ee3p \u0111\u1ed3ng m\u1edbi<\/h3>\n\n\n\n<figure class=\"wp-block-table\"><table class=\"has-fixed-layout\"><thead><tr><th><strong><strong>C\u1ea7u th\u1ee7<\/strong><\/strong><\/th><th><strong><strong>Qu\u1ed1c t\u1ecbch<\/strong><\/strong><\/th><th><strong><strong><strong>CLB c\u0169 <\/strong><\/strong><\/strong><\/th><th><strong><strong>Ph\u00ed<\/strong><\/strong><\/th><\/tr><\/thead><tbody><tr><td>Raul Garcia<\/td><td>T\u00e2y Ban Nha<\/td><td>CD Mirandes<\/td><td>K\u1ebft th\u00fac H\u0110 cho m\u01b0\u1ee3n<\/td><\/tr><tr><td>Rober Gonzalez<\/td><td>T\u00e2y Ban Nha<\/td><td>Alaves<\/td><td>K\u1ebft th\u00fac H\u0110 cho m\u01b0\u1ee3n<\/td><\/tr><tr><td>Diego Lainez<\/td><td>\u00dd\/T\u00e2y Ban Nha<\/td><td>Tigres UANL<\/td><td>K\u1ebft th\u00fac H\u0110 cho m\u01b0\u1ee3n<\/td><\/tr><tr><td>Loren Moron<\/td><td>T\u00e2y Ban Nha<\/td><td>UD Las Palmas<\/td><td>K\u1ebft th\u00fac H\u0110 cho m\u01b0\u1ee3n<\/td><\/tr><\/tbody><\/table><\/figure>\n\n\n\n<h3 class=\"wp-block-heading\">Real Madrid \u2013 Nh\u1eefng b\u1ea3n h\u1ee3p \u0111\u1ed3ng m\u1edbi<\/h3>\n\n\n\n<figure class=\"wp-block-table\"><table class=\"has-fixed-layout\"><thead><tr><th><strong><strong>C\u1ea7u th\u1ee7<\/strong><\/strong><\/th><th><strong>Qu\u1ed1c t\u1ecbch<\/strong><\/th><th><strong><strong><strong><strong><strong><strong><strong>CLB c\u0169 <\/strong><\/strong><\/strong><\/strong><\/strong><\/strong><\/strong><\/th><th><strong><strong>Ph\u00ed<\/strong><\/strong><\/th><\/tr><\/thead><tbody><tr><td>Fran Garcia<\/td><td>T\u00e2y Ban Nha<\/td><td>Rayo Vallecano<\/td><td>5 tri\u1ec7u euro<\/td><\/tr><tr><td>Jude Bellingham<\/td><td>Anh<\/td><td>Borussia Dortmund<\/td><td>103 tri\u1ec7u euro <\/td><\/tr><tr><td>Brahim Diaz<\/td><td>T\u00e2y Ban Nha\/Morocco<\/td><td>AC Milan<\/td><td>K\u1ebft th\u00fac H\u0110 cho m\u01b0\u1ee3n<\/td><\/tr><tr><td>Antonio Blanco<\/td><td>T\u00e2y Ban Nha<\/td><td>Alavez<\/td><td>K\u1ebft th\u00fac H\u0110 cho m\u01b0\u1ee3n<\/td><\/tr><tr><td>Juanmi Latasa<\/td><td>T\u00e2y Ban Nha<\/td><td>Getafe<\/td><td>K\u1ebft th\u00fac H\u0110 cho m\u01b0\u1ee3n<\/td><\/tr><tr><td>Joselu<\/td><td>T\u00e2y Ban Nha<\/td><td>Espanyol<\/td><td>Cho m\u01b0\u1ee3n <\/td><\/tr><\/tbody><\/table><\/figure>\n\n\n\n<figure class=\"wp-block-image\"><img decoding=\"async\" src=\"https:\/\/laligaupdate.com\/wp-content\/uploads\/2023\/06\/Jude-Bellingham-signed-for-Real-Madrid.jpg\" alt=\"Jude Bellingham signed for Real Madrid\" class=\"wp-image-3109\" \/><figcaption class=\"wp-element-caption\">Jude Bellingham k\u00fd h\u1ee3p \u0111\u1ed3ng v\u1edbi Real Madrid<\/figcaption><\/figure>\n\n\n\n<h3 class=\"wp-block-heading\">Chuy\u1ec3n nh\u01b0\u1ee3ng Real Sociedad \u2013 Nh\u1eefng b\u1ea3n h\u1ee3p \u0111\u1ed3ng m\u1edbi<\/h3>\n\n\n\n<figure class=\"wp-block-table\"><table class=\"has-fixed-layout\"><thead><tr><th>C\u1ea7u th\u1ee7<\/th><th><strong>Qu\u1ed1c t\u1ecbch<\/strong><\/th><th><strong><strong><strong><strong>CLB c\u0169 <\/strong><\/strong><\/strong><\/strong><\/th><th><strong><strong><strong>Ph\u00ed<\/strong><\/strong><\/strong><\/th><\/tr><\/thead><tbody><tr><td>Portu<\/td><td>T\u00e2y Ban Nha<\/td><td>Getafe<\/td><td>K\u1ebft th\u00fac H\u0110 cho m\u01b0\u1ee3n<\/td><\/tr><tr><td>Roberto Lopez<\/td><td>T\u00e2y Ban Nha<\/td><td>Mirandes<\/td><td>K\u1ebft th\u00fac H\u0110 cho m\u01b0\u1ee3n<\/td><\/tr><tr><td>Peter Pokorny<\/td><td>Slovokia<\/td><td>Fehervar<\/td><td>K\u1ebft th\u00fac H\u0110 cho m\u01b0\u1ee3n<\/td><\/tr><tr><td>Jon Karrikaburu<\/td><td>T\u00e2y Ban Nha<\/td><td>CD Leganes<\/td><td>K\u1ebft th\u00fac H\u0110 cho m\u01b0\u1ee3n<\/td><\/tr><tr><td>Hamari Traore<\/td><td>Mali<\/td><td>Rennes<\/td><td>Chuy\u1ec3n nh\u01b0\u1ee3ng t\u1ef1 do<\/td><\/tr><\/tbody><\/table><\/figure>\n\n\n\n<h3 class=\"wp-block-heading\">Sevilla \u2013 Nh\u1eefng b\u1ea3n h\u1ee3p \u0111\u1ed3ng m\u1edbi<\/h3>\n\n\n\n<figure class=\"wp-block-table\"><table class=\"has-fixed-layout\"><thead><tr><th><strong>C\u1ea7u th\u1ee7<\/strong><\/th><th><strong><strong>Qu\u1ed1c t\u1ecbch<\/strong><\/strong><\/th><th><strong><strong><strong><strong>CLB c\u0169 <\/strong><\/strong><\/strong><\/strong><\/th><th><strong><strong><strong>Ph\u00ed<\/strong><\/strong><\/strong><\/th><\/tr><\/thead><tbody><tr><td>Oscar Rodriguez<\/td><td>T\u00e2y Ban Nha<\/td><td>Celta Vigo<\/td><td>K\u1ebft th\u00fac H\u0110 cho m\u01b0\u1ee3n<\/td><\/tr><tr><td>Oussame Idrissi<\/td><td>Morocco\/H\u00e0 Lan<\/td><td>Feyenoord<\/td><td>K\u1ebft th\u00fac H\u0110 cho m\u01b0\u1ee3n<\/td><\/tr><tr><td>Rony Lopes<\/td><td>B\u1ed3 \u0110\u00e0o Nha\/Brazil<\/td><td>Troyes<\/td><td>K\u1ebft th\u00fac H\u0110 cho m\u01b0\u1ee3n<\/td><\/tr><tr><td>Ivan Romero<\/td><td>T\u00e2y Ban Nha<\/td><td>CD Tenerife<\/td><td>K\u1ebft th\u00fac H\u0110 cho m\u01b0\u1ee3n<\/td><\/tr><tr><td>Jose Angel Carmona<\/td><td>T\u00e2y Ban Nha<\/td><td>Elche<\/td><td>K\u1ebft th\u00fac H\u0110 cho m\u01b0\u1ee3n<\/td><\/tr><tr><td>Thomas Delaney<\/td><td>\u0110an M\u1ea1ch<\/td><td>Hoffenheim<\/td><td>K\u1ebft th\u00fac H\u0110 cho m\u01b0\u1ee3n<\/td><\/tr><tr><td>Ludwig Augustinsson<\/td><td>Th\u1ee5y \u0110i\u1ec3n<\/td><td>Mallorca<\/td><td>K\u1ebft th\u00fac H\u0110 cho m\u01b0\u1ee3n<\/td><\/tr><tr><td>Kike Salas<\/td><td>T\u00e2y Ban Nha<\/td><td>Tenerife<\/td><td>K\u1ebft th\u00fac H\u0110 cho m\u01b0\u1ee3n<\/td><\/tr><tr><td>Adnan Januzaj<\/td><td>B\u1ec9<\/td><td>Basaksehir<\/td><td>K\u1ebft th\u00fac H\u0110 cho m\u01b0\u1ee3n<\/td><\/tr><tr><td>Federico Gattoni<\/td><td>Argentina\/\u00dd<\/td><td>San Lorenzo<\/td><td>K\u1ebft th\u00fac H\u0110 cho m\u01b0\u1ee3n<\/td><\/tr><tr><td>Loic Bade<\/td><td>Ph\u00e1p<\/td><td>Rennes<\/td><td>12 tri\u1ec7u euro<\/td><\/tr><tr><td>Luismi Cruz<\/td><td>T\u00e2y Ban Nha<\/td><td>Barca Atletic<\/td><td>K\u1ebft th\u00fac H\u0110 cho m\u01b0\u1ee3n<\/td><\/tr><tr><td>Alfonso Pastor<\/td><td>T\u00e2y Ban Nha<\/td><td>Castellon<\/td><td>K\u1ebft th\u00fac H\u0110 cho m\u01b0\u1ee3n<\/td><\/tr><tr><td>Juanlu Sanchez<\/td><td>T\u00e2y Ban Nha<\/td><td>Mirandes<\/td><td>K\u1ebft th\u00fac H\u0110 cho m\u01b0\u1ee3n<\/td><\/tr><\/tbody><\/table><\/figure>\n\n\n\n<h3 class=\"wp-block-heading\">Valencia \u2013 Nh\u1eefng b\u1ea3n h\u1ee3p \u0111\u1ed3ng m\u1edbi<\/h3>\n\n\n\n<figure class=\"wp-block-table\"><table class=\"has-fixed-layout\"><thead><tr><th><strong>C\u1ea7u th\u1ee7<\/strong><\/th><th><strong><strong>Qu\u1ed1c t\u1ecbch<\/strong><\/strong><\/th><th><strong><strong><strong><strong>CLB c\u0169 <\/strong><\/strong><\/strong><\/strong><\/th><th><strong><strong><strong>Ph\u00ed<\/strong><\/strong><\/strong><\/th><\/tr><\/thead><tbody><tr><td>Jorge Saenz<\/td><td>T\u00e2y Ban Nha<\/td><td>CD Leganes<\/td><td>K\u1ebft th\u00fac H\u0110 cho m\u01b0\u1ee3n<\/td><\/tr><tr><td>Koba Koinredi<\/td><td>Ph\u00e1p<\/td><td>Real Oviedo<\/td><td>K\u1ebft th\u00fac H\u0110 cho m\u01b0\u1ee3n<\/td><\/tr><tr><td>Uros Racic<\/td><td>Serbia<\/td><td>SC Braga<\/td><td>K\u1ebft th\u00fac H\u0110 cho m\u01b0\u1ee3n<\/td><\/tr><tr><td>Cenk Ozkacar<\/td><td>Turkey<\/td><td>Lyon<\/td><td>5 tri\u1ec7u euro<\/td><\/tr><\/tbody><\/table><\/figure>\n\n\n\n<h3 class=\"wp-block-heading\">Villarreal \u2013 Nh\u1eefng b\u1ea3n h\u1ee3p \u0111\u1ed3ng m\u1edbi<\/h3>\n\n\n\n<figure class=\"wp-block-table\"><table class=\"has-fixed-layout\"><thead><tr><th><strong>C\u1ea7u th\u1ee7<\/strong><\/th><th><strong><strong>Qu\u1ed1c t\u1ecbch<\/strong><\/strong><\/th><th><strong><strong><strong><strong>CLB c\u0169 <\/strong><\/strong><\/strong><\/strong><\/th><th><strong><strong><strong>Ph\u00ed<\/strong><\/strong><\/strong><\/th><\/tr><\/thead><tbody><tr><td>Ivan Martin<\/td><td>T\u00e2y Ban Nha<\/td><td>Girona<\/td><td>K\u1ebft th\u00fac H\u0110 cho m\u01b0\u1ee3n<\/td><\/tr><tr><td>Vicente Iborra<\/td><td>T\u00e2y Ban Nha<\/td><td>Levante<\/td><td>K\u1ebft th\u00fac H\u0110 cho m\u01b0\u1ee3n<\/td><\/tr><tr><td>Boulaye Dia<\/td><td>Senegal\/Ph\u00e1p<\/td><td>Salernitana<\/td><td>K\u1ebft th\u00fac H\u0110 cho m\u01b0\u1ee3n<\/td><\/tr><tr><td>Arnaut Danjuma<\/td><td>H\u00e0 Lan\/Nigeria<\/td><td>Tottenham Hotspur<\/td><td>K\u1ebft th\u00fac H\u0110 cho m\u01b0\u1ee3n<\/td><\/tr><\/tbody><\/table><\/figure>\n","protected":false},"excerpt":{"rendered":"<p>La Liga \u2013 Nh\u1eefng v\u1ee5 chuy\u1ec3n nh\u01b0\u1ee3ng \u0111\u00e3 ho\u00e0n t\u1ea5t n\u0103m 2023\/24, d\u01b0\u1edbi \u0111\u00e2y l\u00e0 danh s\u00e1ch nh\u1eefng v\u1ee5 chuy\u1ec3n nh\u01b0\u1ee3ng \u0111\u00e3 th\u1ef1c hi\u1ec7n cho \u0111\u1ebfn nay trong k\u1ef3 chuy\u1ec3n nh\u01b0\u1ee3ng M\u00f9a h\u00e8 \u2013 giai \u0111o\u1ea1n b\u1eadn r\u1ed9n nh\u1ea5t v\u00e0 quan tr\u1ecdng nh\u1ea5t \u0111\u1ec3 t\u0103ng c\u01b0\u1eddng l\u1ef1c l\u01b0\u1ee3ng. La Liga, gi\u1ea3i \u0111\u1ea5u h\u00e0ng \u0111\u1ea7u T\u00e2y [&hellip;]<\/p>\n","protected":false},"author":22,"featured_media":2202,"comment_status":"closed","ping_status":"closed","sticky":true,"template":"","format":"standard","meta":{"footnotes":""},"categories":[100],"tags":[17,376,377],"class_list":["post-2199","post","type-post","status-publish","format-standard","has-post-thumbnail","hentry","category-laliga-news","tag-chuyen-nhuong","tag-la-liga-2023-24","tag-nhung-vu-chuyen-nhuong-la-liga-da-hoan-tat-2023-24"],"yoast_head":"<!-- This site is optimized with the Yoast SEO plugin v21.3 - https:\/\/yoast.com\/wordpress\/plugins\/seo\/ -->\n<title>La Liga - Nh\u1eefng v\u1ee5 chuy\u1ec3n nh\u01b0\u1ee3ng \u0111\u00e3 ho\u00e0n t\u1ea5t 2023\/24 - C\u1eadp nh\u1eadt La Liga<\/title>\n<meta name=\"description\" content=\"La Liga \u2013 Nh\u1eefng v\u1ee5 chuy\u1ec3n nh\u01b0\u1ee3ng \u0111\u00e3 ho\u00e0n t\u1ea5t n\u0103m 2023\/24, d\u01b0\u1edbi \u0111\u00e2y l\u00e0 danh s\u00e1ch nh\u1eefng v\u1ee5 chuy\u1ec3n nh\u01b0\u1ee3ng \u0111\u00e3 th\u1ef1c hi\u1ec7n cho \u0111\u1ebfn nay trong k\u1ef3 chuy\u1ec3n nh\u01b0\u1ee3ng M\u00f9a h\u00e8 \u2013 giai \u0111o\u1ea1n b\u1eadn r\u1ed9n nh\u1ea5t v\u00e0 quan tr\u1ecdng nh\u1ea5t \u0111\u1ec3 t\u0103ng c\u01b0\u1eddng l\u1ef1c l\u01b0\u1ee3ng.\" \/>\n<meta name=\"robots\" content=\"index, follow, max-snippet:-1, max-image-preview:large, max-video-preview:-1\" \/>\n<link rel=\"canonical\" href=\"https:\/\/laligaupdate.com\/vn\/laliga-nhung-vu-chuyen-nhuong-da-hoan-tat-2023-24\/\" \/>\n<meta property=\"og:locale\" content=\"vi_VN\" \/>\n<meta property=\"og:type\" content=\"article\" \/>\n<meta property=\"og:title\" content=\"La Liga - Nh\u1eefng v\u1ee5 chuy\u1ec3n nh\u01b0\u1ee3ng \u0111\u00e3 ho\u00e0n t\u1ea5t 2023\/24 - C\u1eadp nh\u1eadt La Liga\" \/>\n<meta property=\"og:description\" content=\"La Liga \u2013 Nh\u1eefng v\u1ee5 chuy\u1ec3n nh\u01b0\u1ee3ng \u0111\u00e3 ho\u00e0n t\u1ea5t n\u0103m 2023\/24, d\u01b0\u1edbi \u0111\u00e2y l\u00e0 danh s\u00e1ch nh\u1eefng v\u1ee5 chuy\u1ec3n nh\u01b0\u1ee3ng \u0111\u00e3 th\u1ef1c hi\u1ec7n cho \u0111\u1ebfn nay trong k\u1ef3 chuy\u1ec3n nh\u01b0\u1ee3ng M\u00f9a h\u00e8 \u2013 giai \u0111o\u1ea1n b\u1eadn r\u1ed9n nh\u1ea5t v\u00e0 quan tr\u1ecdng nh\u1ea5t \u0111\u1ec3 t\u0103ng c\u01b0\u1eddng l\u1ef1c l\u01b0\u1ee3ng.\" \/>\n<meta property=\"og:url\" content=\"https:\/\/laligaupdate.com\/vn\/laliga-nhung-vu-chuyen-nhuong-da-hoan-tat-2023-24\/\" \/>\n<meta property=\"og:site_name\" content=\"C\u1eadp nh\u1eadt La Liga\" \/>\n<meta property=\"article:published_time\" content=\"2023-06-26T07:19:27+00:00\" \/>\n<meta property=\"article:modified_time\" content=\"2023-06-26T07:23:47+00:00\" \/>\n<meta property=\"og:image\" content=\"https:\/\/laligaupdate.com\/vn\/wp-content\/uploads\/sites\/5\/2023\/06\/La-Liga-completed-transfers-2023_24-min-768x576-1.jpg\" \/>\n\t<meta property=\"og:image:width\" content=\"768\" \/>\n\t<meta property=\"og:image:height\" content=\"576\" \/>\n\t<meta property=\"og:image:type\" content=\"image\/jpeg\" \/>\n<meta name=\"author\" content=\"Jane\" \/>\n<meta name=\"twitter:card\" content=\"summary_large_image\" \/>\n<meta name=\"twitter:label1\" content=\"\u0110\u01b0\u1ee3c vi\u1ebft b\u1edfi\" \/>\n\t<meta name=\"twitter:data1\" content=\"Jane\" \/>\n\t<meta name=\"twitter:label2\" content=\"\u01af\u1edbc t\u00ednh th\u1eddi gian \u0111\u1ecdc\" \/>\n\t<meta name=\"twitter:data2\" content=\"10 ph\u00fat\" \/>\n<script type=\"application\/ld+json\" class=\"yoast-schema-graph\">{\"@context\":\"https:\/\/schema.org\",\"@graph\":[{\"@type\":\"Article\",\"@id\":\"https:\/\/laligaupdate.com\/vn\/laliga-nhung-vu-chuyen-nhuong-da-hoan-tat-2023-24\/#article\",\"isPartOf\":{\"@id\":\"https:\/\/laligaupdate.com\/vn\/laliga-nhung-vu-chuyen-nhuong-da-hoan-tat-2023-24\/\"},\"author\":{\"name\":\"Jane\",\"@id\":\"https:\/\/laligaupdate.com\/vn\/#\/schema\/person\/a2557bdd00a14d93cd525314480ff6fc\"},\"headline\":\"La Liga &#8211; Nh\u1eefng v\u1ee5 chuy\u1ec3n nh\u01b0\u1ee3ng \u0111\u00e3 ho\u00e0n t\u1ea5t 2023\/24\",\"datePublished\":\"2023-06-26T07:19:27+00:00\",\"dateModified\":\"2023-06-26T07:23:47+00:00\",\"mainEntityOfPage\":{\"@id\":\"https:\/\/laligaupdate.com\/vn\/laliga-nhung-vu-chuyen-nhuong-da-hoan-tat-2023-24\/\"},\"wordCount\":2587,\"publisher\":{\"@id\":\"https:\/\/laligaupdate.com\/vn\/#organization\"},\"keywords\":[\"Chuy\u1ec3n nh\u01b0\u1ee3ng\",\"La Liga 2023\/24\",\"Nh\u1eefng v\u1ee5 chuy\u1ec3n nh\u01b0\u1ee3ng La Liga \u0111\u00e3 ho\u00e0n t\u1ea5t 2023\/24\"],\"articleSection\":[\"Tin T\u1ee9c LaLiga\"],\"inLanguage\":\"vi\"},{\"@type\":\"WebPage\",\"@id\":\"https:\/\/laligaupdate.com\/vn\/laliga-nhung-vu-chuyen-nhuong-da-hoan-tat-2023-24\/\",\"url\":\"https:\/\/laligaupdate.com\/vn\/laliga-nhung-vu-chuyen-nhuong-da-hoan-tat-2023-24\/\",\"name\":\"La Liga - Nh\u1eefng v\u1ee5 chuy\u1ec3n nh\u01b0\u1ee3ng \u0111\u00e3 ho\u00e0n t\u1ea5t 2023\/24 - C\u1eadp nh\u1eadt La Liga\",\"isPartOf\":{\"@id\":\"https:\/\/laligaupdate.com\/vn\/#website\"},\"datePublished\":\"2023-06-26T07:19:27+00:00\",\"dateModified\":\"2023-06-26T07:23:47+00:00\",\"description\":\"La Liga \u2013 Nh\u1eefng v\u1ee5 chuy\u1ec3n nh\u01b0\u1ee3ng \u0111\u00e3 ho\u00e0n t\u1ea5t n\u0103m 2023\/24, d\u01b0\u1edbi \u0111\u00e2y l\u00e0 danh s\u00e1ch nh\u1eefng v\u1ee5 chuy\u1ec3n nh\u01b0\u1ee3ng \u0111\u00e3 th\u1ef1c hi\u1ec7n cho \u0111\u1ebfn nay trong k\u1ef3 chuy\u1ec3n nh\u01b0\u1ee3ng M\u00f9a h\u00e8 \u2013 giai \u0111o\u1ea1n b\u1eadn r\u1ed9n nh\u1ea5t v\u00e0 quan tr\u1ecdng nh\u1ea5t \u0111\u1ec3 t\u0103ng c\u01b0\u1eddng l\u1ef1c l\u01b0\u1ee3ng.\",\"breadcrumb\":{\"@id\":\"https:\/\/laligaupdate.com\/vn\/laliga-nhung-vu-chuyen-nhuong-da-hoan-tat-2023-24\/#breadcrumb\"},\"inLanguage\":\"vi\",\"potentialAction\":[{\"@type\":\"ReadAction\",\"target\":[\"https:\/\/laligaupdate.com\/vn\/laliga-nhung-vu-chuyen-nhuong-da-hoan-tat-2023-24\/\"]}]},{\"@type\":\"BreadcrumbList\",\"@id\":\"https:\/\/laligaupdate.com\/vn\/laliga-nhung-vu-chuyen-nhuong-da-hoan-tat-2023-24\/#breadcrumb\",\"itemListElement\":[{\"@type\":\"ListItem\",\"position\":1,\"name\":\"Trang ch\u1ee7\",\"item\":\"https:\/\/laligaupdate.com\/vn\/\"},{\"@type\":\"ListItem\",\"position\":2,\"name\":\"Tin T\u1ee9c LaLiga\",\"item\":\"https:\/\/laligaupdate.com\/vn\/category\/laliga-news\/\"},{\"@type\":\"ListItem\",\"position\":3,\"name\":\"La Liga &#8211; Nh\u1eefng v\u1ee5 chuy\u1ec3n nh\u01b0\u1ee3ng \u0111\u00e3 ho\u00e0n t\u1ea5t 2023\/24\"}]},{\"@type\":\"WebSite\",\"@id\":\"https:\/\/laligaupdate.com\/vn\/#website\",\"url\":\"https:\/\/laligaupdate.com\/vn\/\",\"name\":\"C\u1eadp nh\u1eadt La Liga\",\"description\":\"L\u00e0 trung t\u00e2m cung c\u1ea5p m\u1ecdi th\u1ee9 v\u1ec1 b\u00f3ng \u0111\u00e1 T\u00e2y Ban Nha.\",\"publisher\":{\"@id\":\"https:\/\/laligaupdate.com\/vn\/#organization\"},\"potentialAction\":[{\"@type\":\"SearchAction\",\"target\":{\"@type\":\"EntryPoint\",\"urlTemplate\":\"https:\/\/laligaupdate.com\/vn\/?s={search_term_string}\"},\"query-input\":\"required name=search_term_string\"}],\"inLanguage\":\"vi\"},{\"@type\":\"Organization\",\"@id\":\"https:\/\/laligaupdate.com\/vn\/#organization\",\"name\":\"C\u1eadp nh\u1eadt La Liga\",\"url\":\"https:\/\/laligaupdate.com\/vn\/\",\"logo\":{\"@type\":\"ImageObject\",\"inLanguage\":\"vi\",\"@id\":\"https:\/\/laligaupdate.com\/vn\/#\/schema\/logo\/image\/\",\"url\":\"https:\/\/laligaupdate.com\/vn\/wp-content\/uploads\/sites\/5\/2023\/06\/2288340e-0a23-4257-89c8-ac62c3db799c.png\",\"contentUrl\":\"https:\/\/laligaupdate.com\/vn\/wp-content\/uploads\/sites\/5\/2023\/06\/2288340e-0a23-4257-89c8-ac62c3db799c.png\",\"width\":696,\"height\":331,\"caption\":\"C\u1eadp nh\u1eadt La Liga\"},\"image\":{\"@id\":\"https:\/\/laligaupdate.com\/vn\/#\/schema\/logo\/image\/\"}},{\"@type\":\"Person\",\"@id\":\"https:\/\/laligaupdate.com\/vn\/#\/schema\/person\/a2557bdd00a14d93cd525314480ff6fc\",\"name\":\"Jane\",\"image\":{\"@type\":\"ImageObject\",\"inLanguage\":\"vi\",\"@id\":\"https:\/\/laligaupdate.com\/vn\/#\/schema\/person\/image\/\",\"url\":\"https:\/\/secure.gravatar.com\/avatar\/1a5281b7800623fd8fb890b3a25490b707425cd404a09f05b4edcc73482dc0b8?s=96&d=mm&r=g\",\"contentUrl\":\"https:\/\/secure.gravatar.com\/avatar\/1a5281b7800623fd8fb890b3a25490b707425cd404a09f05b4edcc73482dc0b8?s=96&d=mm&r=g\",\"caption\":\"Jane\"},\"url\":\"https:\/\/laligaupdate.com\/vn\/author\/janeh\/\"}]}<\/script>\n<!-- \/ Yoast SEO plugin. -->","yoast_head_json":{"title":"La Liga - Nh\u1eefng v\u1ee5 chuy\u1ec3n nh\u01b0\u1ee3ng \u0111\u00e3 ho\u00e0n t\u1ea5t 2023\/24 - C\u1eadp nh\u1eadt La Liga","description":"La Liga \u2013 Nh\u1eefng v\u1ee5 chuy\u1ec3n nh\u01b0\u1ee3ng \u0111\u00e3 ho\u00e0n t\u1ea5t n\u0103m 2023\/24, d\u01b0\u1edbi \u0111\u00e2y l\u00e0 danh s\u00e1ch nh\u1eefng v\u1ee5 chuy\u1ec3n nh\u01b0\u1ee3ng \u0111\u00e3 th\u1ef1c hi\u1ec7n cho \u0111\u1ebfn nay trong k\u1ef3 chuy\u1ec3n nh\u01b0\u1ee3ng M\u00f9a h\u00e8 \u2013 giai \u0111o\u1ea1n b\u1eadn r\u1ed9n nh\u1ea5t v\u00e0 quan tr\u1ecdng nh\u1ea5t \u0111\u1ec3 t\u0103ng c\u01b0\u1eddng l\u1ef1c l\u01b0\u1ee3ng.","robots":{"index":"index","follow":"follow","max-snippet":"max-snippet:-1","max-image-preview":"max-image-preview:large","max-video-preview":"max-video-preview:-1"},"canonical":"https:\/\/laligaupdate.com\/vn\/laliga-nhung-vu-chuyen-nhuong-da-hoan-tat-2023-24\/","og_locale":"vi_VN","og_type":"article","og_title":"La Liga - Nh\u1eefng v\u1ee5 chuy\u1ec3n nh\u01b0\u1ee3ng \u0111\u00e3 ho\u00e0n t\u1ea5t 2023\/24 - C\u1eadp nh\u1eadt La Liga","og_description":"La Liga \u2013 Nh\u1eefng v\u1ee5 chuy\u1ec3n nh\u01b0\u1ee3ng \u0111\u00e3 ho\u00e0n t\u1ea5t n\u0103m 2023\/24, d\u01b0\u1edbi \u0111\u00e2y l\u00e0 danh s\u00e1ch nh\u1eefng v\u1ee5 chuy\u1ec3n nh\u01b0\u1ee3ng \u0111\u00e3 th\u1ef1c hi\u1ec7n cho \u0111\u1ebfn nay trong k\u1ef3 chuy\u1ec3n nh\u01b0\u1ee3ng M\u00f9a h\u00e8 \u2013 giai \u0111o\u1ea1n b\u1eadn r\u1ed9n nh\u1ea5t v\u00e0 quan tr\u1ecdng nh\u1ea5t \u0111\u1ec3 t\u0103ng c\u01b0\u1eddng l\u1ef1c l\u01b0\u1ee3ng.","og_url":"https:\/\/laligaupdate.com\/vn\/laliga-nhung-vu-chuyen-nhuong-da-hoan-tat-2023-24\/","og_site_name":"C\u1eadp nh\u1eadt La Liga","article_published_time":"2023-06-26T07:19:27+00:00","article_modified_time":"2023-06-26T07:23:47+00:00","og_image":[{"width":768,"height":576,"url":"https:\/\/laligaupdate.com\/vn\/wp-content\/uploads\/sites\/5\/2023\/06\/La-Liga-completed-transfers-2023_24-min-768x576-1.jpg","type":"image\/jpeg"}],"author":"Jane","twitter_card":"summary_large_image","twitter_misc":{"\u0110\u01b0\u1ee3c vi\u1ebft b\u1edfi":"Jane","\u01af\u1edbc t\u00ednh th\u1eddi gian \u0111\u1ecdc":"10 ph\u00fat"},"schema":{"@context":"https:\/\/schema.org","@graph":[{"@type":"Article","@id":"https:\/\/laligaupdate.com\/vn\/laliga-nhung-vu-chuyen-nhuong-da-hoan-tat-2023-24\/#article","isPartOf":{"@id":"https:\/\/laligaupdate.com\/vn\/laliga-nhung-vu-chuyen-nhuong-da-hoan-tat-2023-24\/"},"author":{"name":"Jane","@id":"https:\/\/laligaupdate.com\/vn\/#\/schema\/person\/a2557bdd00a14d93cd525314480ff6fc"},"headline":"La Liga &#8211; Nh\u1eefng v\u1ee5 chuy\u1ec3n nh\u01b0\u1ee3ng \u0111\u00e3 ho\u00e0n t\u1ea5t 2023\/24","datePublished":"2023-06-26T07:19:27+00:00","dateModified":"2023-06-26T07:23:47+00:00","mainEntityOfPage":{"@id":"https:\/\/laligaupdate.com\/vn\/laliga-nhung-vu-chuyen-nhuong-da-hoan-tat-2023-24\/"},"wordCount":2587,"publisher":{"@id":"https:\/\/laligaupdate.com\/vn\/#organization"},"keywords":["Chuy\u1ec3n nh\u01b0\u1ee3ng","La Liga 2023\/24","Nh\u1eefng v\u1ee5 chuy\u1ec3n nh\u01b0\u1ee3ng La Liga \u0111\u00e3 ho\u00e0n t\u1ea5t 2023\/24"],"articleSection":["Tin T\u1ee9c LaLiga"],"inLanguage":"vi"},{"@type":"WebPage","@id":"https:\/\/laligaupdate.com\/vn\/laliga-nhung-vu-chuyen-nhuong-da-hoan-tat-2023-24\/","url":"https:\/\/laligaupdate.com\/vn\/laliga-nhung-vu-chuyen-nhuong-da-hoan-tat-2023-24\/","name":"La Liga - Nh\u1eefng v\u1ee5 chuy\u1ec3n nh\u01b0\u1ee3ng \u0111\u00e3 ho\u00e0n t\u1ea5t 2023\/24 - C\u1eadp nh\u1eadt La Liga","isPartOf":{"@id":"https:\/\/laligaupdate.com\/vn\/#website"},"datePublished":"2023-06-26T07:19:27+00:00","dateModified":"2023-06-26T07:23:47+00:00","description":"La Liga \u2013 Nh\u1eefng v\u1ee5 chuy\u1ec3n nh\u01b0\u1ee3ng \u0111\u00e3 ho\u00e0n t\u1ea5t n\u0103m 2023\/24, d\u01b0\u1edbi \u0111\u00e2y l\u00e0 danh s\u00e1ch nh\u1eefng v\u1ee5 chuy\u1ec3n nh\u01b0\u1ee3ng \u0111\u00e3 th\u1ef1c hi\u1ec7n cho \u0111\u1ebfn nay trong k\u1ef3 chuy\u1ec3n nh\u01b0\u1ee3ng M\u00f9a h\u00e8 \u2013 giai \u0111o\u1ea1n b\u1eadn r\u1ed9n nh\u1ea5t v\u00e0 quan tr\u1ecdng nh\u1ea5t \u0111\u1ec3 t\u0103ng c\u01b0\u1eddng l\u1ef1c l\u01b0\u1ee3ng.","breadcrumb":{"@id":"https:\/\/laligaupdate.com\/vn\/laliga-nhung-vu-chuyen-nhuong-da-hoan-tat-2023-24\/#breadcrumb"},"inLanguage":"vi","potentialAction":[{"@type":"ReadAction","target":["https:\/\/laligaupdate.com\/vn\/laliga-nhung-vu-chuyen-nhuong-da-hoan-tat-2023-24\/"]}]},{"@type":"BreadcrumbList","@id":"https:\/\/laligaupdate.com\/vn\/laliga-nhung-vu-chuyen-nhuong-da-hoan-tat-2023-24\/#breadcrumb","itemListElement":[{"@type":"ListItem","position":1,"name":"Trang ch\u1ee7","item":"https:\/\/laligaupdate.com\/vn\/"},{"@type":"ListItem","position":2,"name":"Tin T\u1ee9c LaLiga","item":"https:\/\/laligaupdate.com\/vn\/category\/laliga-news\/"},{"@type":"ListItem","position":3,"name":"La Liga &#8211; Nh\u1eefng v\u1ee5 chuy\u1ec3n nh\u01b0\u1ee3ng \u0111\u00e3 ho\u00e0n t\u1ea5t 2023\/24"}]},{"@type":"WebSite","@id":"https:\/\/laligaupdate.com\/vn\/#website","url":"https:\/\/laligaupdate.com\/vn\/","name":"C\u1eadp nh\u1eadt La Liga","description":"L\u00e0 trung t\u00e2m cung c\u1ea5p m\u1ecdi th\u1ee9 v\u1ec1 b\u00f3ng \u0111\u00e1 T\u00e2y Ban Nha.","publisher":{"@id":"https:\/\/laligaupdate.com\/vn\/#organization"},"potentialAction":[{"@type":"SearchAction","target":{"@type":"EntryPoint","urlTemplate":"https:\/\/laligaupdate.com\/vn\/?s={search_term_string}"},"query-input":"required name=search_term_string"}],"inLanguage":"vi"},{"@type":"Organization","@id":"https:\/\/laligaupdate.com\/vn\/#organization","name":"C\u1eadp nh\u1eadt La Liga","url":"https:\/\/laligaupdate.com\/vn\/","logo":{"@type":"ImageObject","inLanguage":"vi","@id":"https:\/\/laligaupdate.com\/vn\/#\/schema\/logo\/image\/","url":"https:\/\/laligaupdate.com\/vn\/wp-content\/uploads\/sites\/5\/2023\/06\/2288340e-0a23-4257-89c8-ac62c3db799c.png","contentUrl":"https:\/\/laligaupdate.com\/vn\/wp-content\/uploads\/sites\/5\/2023\/06\/2288340e-0a23-4257-89c8-ac62c3db799c.png","width":696,"height":331,"caption":"C\u1eadp nh\u1eadt La Liga"},"image":{"@id":"https:\/\/laligaupdate.com\/vn\/#\/schema\/logo\/image\/"}},{"@type":"Person","@id":"https:\/\/laligaupdate.com\/vn\/#\/schema\/person\/a2557bdd00a14d93cd525314480ff6fc","name":"Jane","image":{"@type":"ImageObject","inLanguage":"vi","@id":"https:\/\/laligaupdate.com\/vn\/#\/schema\/person\/image\/","url":"https:\/\/secure.gravatar.com\/avatar\/1a5281b7800623fd8fb890b3a25490b707425cd404a09f05b4edcc73482dc0b8?s=96&d=mm&r=g","contentUrl":"https:\/\/secure.gravatar.com\/avatar\/1a5281b7800623fd8fb890b3a25490b707425cd404a09f05b4edcc73482dc0b8?s=96&d=mm&r=g","caption":"Jane"},"url":"https:\/\/laligaupdate.com\/vn\/author\/janeh\/"}]}},"_links":{"self":[{"href":"https:\/\/laligaupdate.com\/vn\/wp-json\/wp\/v2\/posts\/2199","targetHints":{"allow":["GET"]}}],"collection":[{"href":"https:\/\/laligaupdate.com\/vn\/wp-json\/wp\/v2\/posts"}],"about":[{"href":"https:\/\/laligaupdate.com\/vn\/wp-json\/wp\/v2\/types\/post"}],"author":[{"embeddable":true,"href":"https:\/\/laligaupdate.com\/vn\/wp-json\/wp\/v2\/users\/22"}],"replies":[{"embeddable":true,"href":"https:\/\/laligaupdate.com\/vn\/wp-json\/wp\/v2\/comments?post=2199"}],"version-history":[{"count":3,"href":"https:\/\/laligaupdate.com\/vn\/wp-json\/wp\/v2\/posts\/2199\/revisions"}],"predecessor-version":[{"id":2206,"href":"https:\/\/laligaupdate.com\/vn\/wp-json\/wp\/v2\/posts\/2199\/revisions\/2206"}],"wp:featuredmedia":[{"embeddable":true,"href":"https:\/\/laligaupdate.com\/vn\/wp-json\/wp\/v2\/media\/2202"}],"wp:attachment":[{"href":"https:\/\/laligaupdate.com\/vn\/wp-json\/wp\/v2\/media?parent=2199"}],"wp:term":[{"taxonomy":"category","embeddable":true,"href":"https:\/\/laligaupdate.com\/vn\/wp-json\/wp\/v2\/categories?post=2199"},{"taxonomy":"post_tag","embeddable":true,"href":"https:\/\/laligaupdate.com\/vn\/wp-json\/wp\/v2\/tags?post=2199"}],"curies":[{"name":"wp","href":"https:\/\/api.w.org\/{rel}","templated":true}]}}