{"id":2218,"date":"2023-06-29T03:11:39","date_gmt":"2023-06-29T03:11:39","guid":{"rendered":"https:\/\/laligaupdate.com\/vn\/?p=2218"},"modified":"2023-06-30T03:34:53","modified_gmt":"2023-06-30T03:34:53","slug":"federico-valverde-doi-mat-voi-lenh-cam-thi-dau-4-tran-o-laliga-2023-24","status":"publish","type":"post","link":"https:\/\/laligaupdate.com\/vn\/federico-valverde-doi-mat-voi-lenh-cam-thi-dau-4-tran-o-laliga-2023-24\/","title":{"rendered":"Federico Valverde nguy c\u01a1 b\u1ecb c\u1ea5m 4 tr\u1eadn"},"content":{"rendered":"\n<h3 class=\"wp-block-heading\">Sao <a href=\"https:\/\/laligaupdate.com\/vn\/laliga-clubs\/cau-lac-bo-real-madrid\/\">Real Madrid<\/a>, Federico Valverde \u0111ang ph\u1ea3i \u0111\u1ed1i m\u1eb7t v\u1edbi l\u1ec7nh c\u1ea5m thi \u0111\u1ea5u trong 4 tr\u1eadn \u0111\u1ea7u ti\u00ean \u1edf m\u00f9a gi\u1ea3i La Liga 2023\/24, sau v\u1ee5 x\u00f4 x\u00e1t v\u1edbi Alex Baena c\u1ee7a Villarreal v\u00e0o ng\u00e0y 08\/04. <\/h3>\n\n\n\n<p>\u0110\u1ecdc th\u00eam: <a href=\"https:\/\/laligaupdate.com\/vn\/2023\/06\/27\/luka-modric-gia-han-hd-den-nam-2024\/\">Real Madrid \u2013 Luka Modric gia h\u1ea1n H\u0110 \u0111\u1ebfn n\u0103m 2024<\/a><\/p>\n\n\n\n<p><a href=\"https:\/\/laligaupdate.com\/vn\/\" target=\"_blank\" rel=\"noreferrer noopener\">C\u1eadp nh\u1eadt tin t\u1ee9c m\u1edbi La Liga t\u1ea1i \u0111\u00e2y<\/a>&nbsp;&nbsp;<\/p>\n\n\n\n<p>N\u1ebfu \u1ee6y ban Thi \u0111\u1ea5u T\u00e2y Ban Nha ch\u1ea5p nh\u1eadn quy\u1ebft \u0111\u1ecbnh t\u1eeb tr\u1ecdng t\u00e0i, Valverde s\u1ebd b\u1ecb treo gi\u00f2 \u1edf c\u00e1c tr\u1eadn s\u00e2n kh\u00e1ch tr\u01b0\u1edbc Athletic Bilbao, Almeria v\u00e0 Celta Vigo c\u0169ng nh\u01b0 tr\u1eadn \u0111\u1ea5u tr\u00ean s\u00e2n nh\u00e0 v\u1edbi Getafe.<\/p>\n\n\n\n<figure class=\"wp-block-embed is-type-rich is-provider-twitter wp-block-embed-twitter\"><div class=\"wp-block-embed__wrapper\">\n<blockquote class=\"twitter-tweet\" data-width=\"500\" data-dnt=\"true\"><p lang=\"es\" dir=\"ltr\">Fede Valverde facing potential four-game suspension in La Liga <a href=\"https:\/\/t.co\/AfuCThZCtA\">https:\/\/t.co\/AfuCThZCtA<\/a> <a href=\"https:\/\/t.co\/U647TExZbJ\">pic.twitter.com\/U647TExZbJ<\/a><\/p>&mdash; Managing Madrid (@managingmadrid) <a href=\"https:\/\/twitter.com\/managingmadrid\/status\/1674064762747994113?ref_src=twsrc%5Etfw\">June 28, 2023<\/a><\/blockquote><script async src=\"https:\/\/platform.twitter.com\/widgets.js\" charset=\"utf-8\"><\/script>\n<\/div><\/figure>\n\n\n\n<p>Sau tr\u1eadn thua 2-3 c\u1ee7a Real tr\u01b0\u1edbc Villarreal, Federico Valverde \u0111\u00e3 \u0111\u1ea5m v\u00e0o m\u1eb7t trung v\u1ec7 Alex Baena c\u1ee7a Villarreal \u1edf b\u00e3i \u0111\u1eadu xe Santiago Bernabeu, v\u1ec1 vi\u1ec7c c\u1ea7u th\u1ee7 ch\u1ea1y c\u00e1nh Villarreal x\u00fac ph\u1ea1m gia \u0111\u00ecnh anh. Alex sau \u0111\u00f3 \u0111\u00e3 n\u1ed9p \u0111\u01a1n t\u1ed1 c\u00e1o h\u00e0nh vi b\u1ea1o l\u1ef1c c\u1ee7a ti\u1ec1n v\u1ec7 Real Madrid.<\/p>\n\n\n\n<p>C\u1ee5 th\u1ec3 h\u01a1n, trong l\u00fac v\u1ee3 Valverde b\u1ecb b\u1ec7nh v\u00e0 c\u00f3 nguy c\u01a1 s\u1ea3y thai, Baena b\u1ecb c\u00e1o bu\u1ed9c \u0111\u00e3 n\u00f3i c\u00e2u &#8220;h\u00e3y kh\u00f3c ngay \u0111i v\u00ec con trai m\u00e0y s\u1ebd kh\u00f4ng ra \u0111\u1eddi \u0111\u00e2u&#8221; v\u00e0 c\u00f3 h\u00e0nh \u0111\u1ed9ng kh\u00f4ng \u0111\u00fang m\u1ef1c v\u1edbi Valverde. R\u1ea5t may sau \u0111\u00f3 b\u00e1c s\u0129 \u0111\u00e3 k\u1ebft lu\u1eadn thai nhi v\u1eabn kh\u1ecfe m\u1ea1nh. <\/p>\n\n\n\n<figure class=\"wp-block-image size-full is-resized\"><img loading=\"lazy\" decoding=\"async\" src=\"https:\/\/laligaupdate.com\/vn\/wp-content\/uploads\/sites\/5\/2023\/06\/image-41.png\" alt=\"\" class=\"wp-image-2220\" width=\"543\" height=\"362\" srcset=\"https:\/\/laligaupdate.com\/vn\/wp-content\/uploads\/sites\/5\/2023\/06\/image-41.png 543w, https:\/\/laligaupdate.com\/vn\/wp-content\/uploads\/sites\/5\/2023\/06\/image-41-300x200.png 300w\" sizes=\"auto, (max-width: 543px) 100vw, 543px\" \/><figcaption class=\"wp-element-caption\">Fede Valverde \u0111\u1ed1i m\u1eb7t v\u1edbi l\u1ec7nh c\u1ea5m thi \u0111\u1ea5u 4 tr\u1eadn \u1edf La Liga 2023\/24<\/figcaption><\/figure>\n\n\n\n<p><strong>D\u1ef1 \u0111o\u00e1n k\u1ebft qu\u1ea3 b\u00f3ng \u0111\u00e1 t\u1ea1i&nbsp;<a href=\"https:\/\/record.brave158.com\/_cvKXN19j5PQlu5cdA8BczmNd7ZgqdRLk\/3\/\" target=\"_blank\" rel=\"noreferrer noopener\">\u0110\u00c2Y<\/a><\/strong><\/p>\n\n\n\n<p>C\u00f3 v\u1ebb nh\u01b0 c\u1ef1u tuy\u1ec3n th\u1ee7 ng\u01b0\u1eddi Uruguay chu\u1ea9n b\u1ecb \u0111\u1ed1i m\u1eb7t v\u1edbi h\u1eadu qu\u1ea3 t\u1eeb c\u00fa \u0111\u1ea5m m\u00ecnh g\u00e2y ra. <\/p>\n\n\n\n<p>Trong tr\u01b0\u1eddng h\u1ee3p \u1ee6y ban Thi \u0111\u1ea5u T\u00e2y Ban Nha th\u00f4ng qua, Real Madrid s\u1ebd thi\u1ebfu v\u1eafng ti\u1ec1n v\u1ec7 n\u00e0y trong 4 tr\u1eadn La Liga \u0111\u1ea7u ti\u00ean m\u00f9a gi\u1ea3i 2023\/24. <\/p>\n\n\n\n<p>S\u1ef1 v\u1eafng m\u1eb7t c\u1ee7a Valverde c\u0169ng l\u00e0 m\u1ed9t c\u00fa s\u1ed1c \u0111\u1ed1i v\u1edbi HLV Carlo Ancelotti trong k\u1ebf ho\u1ea1ch c\u1ee7a \u00f4ng, nh\u1ea5t l\u00e0 \u1edf th\u1eddi \u0111i\u1ec3m b\u1eaft \u0111\u1ea7u m\u00f9a gi\u1ea3i. <\/p>\n\n\n\n<p>May m\u1eafn thay Real Madrid \u0111\u00e3 c\u00f3 m\u1ed9t v\u00e0i d\u1ef1 ph\u00f2ng, v\u1edbi s\u1ef1 tr\u1edf l\u1ea1i c\u1ee7a Brahim Diaz v\u00e0 b\u1ea3n h\u1ee3p \u0111\u1ed3ng m\u00f9a h\u00e8 m\u1edbi c\u1ee7a Jude Bellingham, nh\u1eefng g\u01b0\u01a1ng m\u1eb7t n\u00e0y ho\u00e0n to\u00e0n c\u00f3 th\u1ec3 thay th\u1ebf v\u1ecb tr\u00ed c\u1ee7a Valverde. <\/p>\n","protected":false},"excerpt":{"rendered":"<p>Sao Real Madrid, Federico Valverde \u0111ang ph\u1ea3i \u0111\u1ed1i m\u1eb7t v\u1edbi l\u1ec7nh c\u1ea5m thi \u0111\u1ea5u trong 4 tr\u1eadn \u0111\u1ea7u ti\u00ean \u1edf m\u00f9a gi\u1ea3i La Liga 2023\/24, sau v\u1ee5 x\u00f4 x\u00e1t v\u1edbi Alex Baena c\u1ee7a Villarreal v\u00e0o ng\u00e0y 08\/04. \u0110\u1ecdc th\u00eam: Real Madrid \u2013 Luka Modric gia h\u1ea1n H\u0110 \u0111\u1ebfn n\u0103m 2024 C\u1eadp nh\u1eadt tin t\u1ee9c m\u1edbi [&hellip;]<\/p>\n","protected":false},"author":22,"featured_media":2224,"comment_status":"closed","ping_status":"closed","sticky":true,"template":"","format":"standard","meta":{"footnotes":""},"categories":[100],"tags":[381,176,58],"class_list":["post-2218","post","type-post","status-publish","format-standard","has-post-thumbnail","hentry","category-laliga-news","tag-alex-baena","tag-federico-valverde","tag-real-madrid"],"yoast_head":"<!-- This site is optimized with the Yoast SEO plugin v21.3 - https:\/\/yoast.com\/wordpress\/plugins\/seo\/ -->\n<title>Federico Valverde nguy c\u01a1 b\u1ecb c\u1ea5m 4 tr\u1eadn - C\u1eadp nh\u1eadt La Liga<\/title>\n<meta name=\"description\" content=\"Sao Real Madrid, Fede Valverde \u0111ang ph\u1ea3i \u0111\u1ed1i m\u1eb7t v\u1edbi l\u1ec7nh c\u1ea5m thi \u0111\u1ea5u trong 4 tr\u1eadn \u0111\u1ea7u ti\u00ean \u1edf m\u00f9a gi\u1ea3i La Liga 2023\/24, sau v\u1ee5 x\u00f4 x\u00e1t v\u1edbi Alex Baena c\u1ee7a Villarreal v\u00e0o ng\u00e0y 08\/04.\" \/>\n<meta name=\"robots\" content=\"index, follow, max-snippet:-1, max-image-preview:large, max-video-preview:-1\" \/>\n<link rel=\"canonical\" href=\"https:\/\/laligaupdate.com\/vn\/federico-valverde-doi-mat-voi-lenh-cam-thi-dau-4-tran-o-laliga-2023-24\/\" \/>\n<meta property=\"og:locale\" content=\"vi_VN\" \/>\n<meta property=\"og:type\" content=\"article\" \/>\n<meta property=\"og:title\" content=\"Federico Valverde nguy c\u01a1 b\u1ecb c\u1ea5m 4 tr\u1eadn - C\u1eadp nh\u1eadt La Liga\" \/>\n<meta property=\"og:description\" content=\"Sao Real Madrid, Fede Valverde \u0111ang ph\u1ea3i \u0111\u1ed1i m\u1eb7t v\u1edbi l\u1ec7nh c\u1ea5m thi \u0111\u1ea5u trong 4 tr\u1eadn \u0111\u1ea7u ti\u00ean \u1edf m\u00f9a gi\u1ea3i La Liga 2023\/24, sau v\u1ee5 x\u00f4 x\u00e1t v\u1edbi Alex Baena c\u1ee7a Villarreal v\u00e0o ng\u00e0y 08\/04.\" \/>\n<meta property=\"og:url\" content=\"https:\/\/laligaupdate.com\/vn\/federico-valverde-doi-mat-voi-lenh-cam-thi-dau-4-tran-o-laliga-2023-24\/\" \/>\n<meta property=\"og:site_name\" content=\"C\u1eadp nh\u1eadt La Liga\" \/>\n<meta property=\"article:published_time\" content=\"2023-06-29T03:11:39+00:00\" \/>\n<meta property=\"article:modified_time\" content=\"2023-06-30T03:34:53+00:00\" \/>\n<meta property=\"og:image\" content=\"https:\/\/laligaupdate.com\/vn\/wp-content\/uploads\/sites\/5\/2023\/06\/1-555-1681778389-593-width740height555.jpg\" \/>\n\t<meta property=\"og:image:width\" content=\"740\" \/>\n\t<meta property=\"og:image:height\" content=\"555\" \/>\n\t<meta property=\"og:image:type\" content=\"image\/jpeg\" \/>\n<meta name=\"author\" content=\"Jane\" \/>\n<meta name=\"twitter:card\" content=\"summary_large_image\" \/>\n<meta name=\"twitter:label1\" content=\"\u0110\u01b0\u1ee3c vi\u1ebft b\u1edfi\" \/>\n\t<meta name=\"twitter:data1\" content=\"Jane\" \/>\n\t<meta name=\"twitter:label2\" content=\"\u01af\u1edbc t\u00ednh th\u1eddi gian \u0111\u1ecdc\" \/>\n\t<meta name=\"twitter:data2\" content=\"2 ph\u00fat\" \/>\n<script type=\"application\/ld+json\" class=\"yoast-schema-graph\">{\"@context\":\"https:\/\/schema.org\",\"@graph\":[{\"@type\":\"Article\",\"@id\":\"https:\/\/laligaupdate.com\/vn\/federico-valverde-doi-mat-voi-lenh-cam-thi-dau-4-tran-o-laliga-2023-24\/#article\",\"isPartOf\":{\"@id\":\"https:\/\/laligaupdate.com\/vn\/federico-valverde-doi-mat-voi-lenh-cam-thi-dau-4-tran-o-laliga-2023-24\/\"},\"author\":{\"name\":\"Jane\",\"@id\":\"https:\/\/laligaupdate.com\/vn\/#\/schema\/person\/a2557bdd00a14d93cd525314480ff6fc\"},\"headline\":\"Federico Valverde nguy c\u01a1 b\u1ecb c\u1ea5m 4 tr\u1eadn\",\"datePublished\":\"2023-06-29T03:11:39+00:00\",\"dateModified\":\"2023-06-30T03:34:53+00:00\",\"mainEntityOfPage\":{\"@id\":\"https:\/\/laligaupdate.com\/vn\/federico-valverde-doi-mat-voi-lenh-cam-thi-dau-4-tran-o-laliga-2023-24\/\"},\"wordCount\":499,\"publisher\":{\"@id\":\"https:\/\/laligaupdate.com\/vn\/#organization\"},\"keywords\":[\"Alex Baena\",\"federico valverde\",\"Real Madrid\"],\"articleSection\":[\"Tin T\u1ee9c LaLiga\"],\"inLanguage\":\"vi\"},{\"@type\":\"WebPage\",\"@id\":\"https:\/\/laligaupdate.com\/vn\/federico-valverde-doi-mat-voi-lenh-cam-thi-dau-4-tran-o-laliga-2023-24\/\",\"url\":\"https:\/\/laligaupdate.com\/vn\/federico-valverde-doi-mat-voi-lenh-cam-thi-dau-4-tran-o-laliga-2023-24\/\",\"name\":\"Federico Valverde nguy c\u01a1 b\u1ecb c\u1ea5m 4 tr\u1eadn - C\u1eadp nh\u1eadt La Liga\",\"isPartOf\":{\"@id\":\"https:\/\/laligaupdate.com\/vn\/#website\"},\"datePublished\":\"2023-06-29T03:11:39+00:00\",\"dateModified\":\"2023-06-30T03:34:53+00:00\",\"description\":\"Sao Real Madrid, Fede Valverde \u0111ang ph\u1ea3i \u0111\u1ed1i m\u1eb7t v\u1edbi l\u1ec7nh c\u1ea5m thi \u0111\u1ea5u trong 4 tr\u1eadn \u0111\u1ea7u ti\u00ean \u1edf m\u00f9a gi\u1ea3i La Liga 2023\/24, sau v\u1ee5 x\u00f4 x\u00e1t v\u1edbi Alex Baena c\u1ee7a Villarreal v\u00e0o ng\u00e0y 08\/04.\",\"breadcrumb\":{\"@id\":\"https:\/\/laligaupdate.com\/vn\/federico-valverde-doi-mat-voi-lenh-cam-thi-dau-4-tran-o-laliga-2023-24\/#breadcrumb\"},\"inLanguage\":\"vi\",\"potentialAction\":[{\"@type\":\"ReadAction\",\"target\":[\"https:\/\/laligaupdate.com\/vn\/federico-valverde-doi-mat-voi-lenh-cam-thi-dau-4-tran-o-laliga-2023-24\/\"]}]},{\"@type\":\"BreadcrumbList\",\"@id\":\"https:\/\/laligaupdate.com\/vn\/federico-valverde-doi-mat-voi-lenh-cam-thi-dau-4-tran-o-laliga-2023-24\/#breadcrumb\",\"itemListElement\":[{\"@type\":\"ListItem\",\"position\":1,\"name\":\"Trang ch\u1ee7\",\"item\":\"https:\/\/laligaupdate.com\/vn\/\"},{\"@type\":\"ListItem\",\"position\":2,\"name\":\"Tin T\u1ee9c LaLiga\",\"item\":\"https:\/\/laligaupdate.com\/vn\/category\/laliga-news\/\"},{\"@type\":\"ListItem\",\"position\":3,\"name\":\"Federico Valverde nguy c\u01a1 b\u1ecb c\u1ea5m 4 tr\u1eadn\"}]},{\"@type\":\"WebSite\",\"@id\":\"https:\/\/laligaupdate.com\/vn\/#website\",\"url\":\"https:\/\/laligaupdate.com\/vn\/\",\"name\":\"C\u1eadp nh\u1eadt La Liga\",\"description\":\"L\u00e0 trung t\u00e2m cung c\u1ea5p m\u1ecdi th\u1ee9 v\u1ec1 b\u00f3ng \u0111\u00e1 T\u00e2y Ban Nha.\",\"publisher\":{\"@id\":\"https:\/\/laligaupdate.com\/vn\/#organization\"},\"potentialAction\":[{\"@type\":\"SearchAction\",\"target\":{\"@type\":\"EntryPoint\",\"urlTemplate\":\"https:\/\/laligaupdate.com\/vn\/?s={search_term_string}\"},\"query-input\":\"required name=search_term_string\"}],\"inLanguage\":\"vi\"},{\"@type\":\"Organization\",\"@id\":\"https:\/\/laligaupdate.com\/vn\/#organization\",\"name\":\"C\u1eadp nh\u1eadt La Liga\",\"url\":\"https:\/\/laligaupdate.com\/vn\/\",\"logo\":{\"@type\":\"ImageObject\",\"inLanguage\":\"vi\",\"@id\":\"https:\/\/laligaupdate.com\/vn\/#\/schema\/logo\/image\/\",\"url\":\"https:\/\/laligaupdate.com\/vn\/wp-content\/uploads\/sites\/5\/2023\/06\/2288340e-0a23-4257-89c8-ac62c3db799c.png\",\"contentUrl\":\"https:\/\/laligaupdate.com\/vn\/wp-content\/uploads\/sites\/5\/2023\/06\/2288340e-0a23-4257-89c8-ac62c3db799c.png\",\"width\":696,\"height\":331,\"caption\":\"C\u1eadp nh\u1eadt La Liga\"},\"image\":{\"@id\":\"https:\/\/laligaupdate.com\/vn\/#\/schema\/logo\/image\/\"}},{\"@type\":\"Person\",\"@id\":\"https:\/\/laligaupdate.com\/vn\/#\/schema\/person\/a2557bdd00a14d93cd525314480ff6fc\",\"name\":\"Jane\",\"image\":{\"@type\":\"ImageObject\",\"inLanguage\":\"vi\",\"@id\":\"https:\/\/laligaupdate.com\/vn\/#\/schema\/person\/image\/\",\"url\":\"https:\/\/secure.gravatar.com\/avatar\/1a5281b7800623fd8fb890b3a25490b707425cd404a09f05b4edcc73482dc0b8?s=96&d=mm&r=g\",\"contentUrl\":\"https:\/\/secure.gravatar.com\/avatar\/1a5281b7800623fd8fb890b3a25490b707425cd404a09f05b4edcc73482dc0b8?s=96&d=mm&r=g\",\"caption\":\"Jane\"},\"url\":\"https:\/\/laligaupdate.com\/vn\/author\/janeh\/\"}]}<\/script>\n<!-- \/ Yoast SEO plugin. -->","yoast_head_json":{"title":"Federico Valverde nguy c\u01a1 b\u1ecb c\u1ea5m 4 tr\u1eadn - C\u1eadp nh\u1eadt La Liga","description":"Sao Real Madrid, Fede Valverde \u0111ang ph\u1ea3i \u0111\u1ed1i m\u1eb7t v\u1edbi l\u1ec7nh c\u1ea5m thi \u0111\u1ea5u trong 4 tr\u1eadn \u0111\u1ea7u ti\u00ean \u1edf m\u00f9a gi\u1ea3i La Liga 2023\/24, sau v\u1ee5 x\u00f4 x\u00e1t v\u1edbi Alex Baena c\u1ee7a Villarreal v\u00e0o ng\u00e0y 08\/04.","robots":{"index":"index","follow":"follow","max-snippet":"max-snippet:-1","max-image-preview":"max-image-preview:large","max-video-preview":"max-video-preview:-1"},"canonical":"https:\/\/laligaupdate.com\/vn\/federico-valverde-doi-mat-voi-lenh-cam-thi-dau-4-tran-o-laliga-2023-24\/","og_locale":"vi_VN","og_type":"article","og_title":"Federico Valverde nguy c\u01a1 b\u1ecb c\u1ea5m 4 tr\u1eadn - C\u1eadp nh\u1eadt La Liga","og_description":"Sao Real Madrid, Fede Valverde \u0111ang ph\u1ea3i \u0111\u1ed1i m\u1eb7t v\u1edbi l\u1ec7nh c\u1ea5m thi \u0111\u1ea5u trong 4 tr\u1eadn \u0111\u1ea7u ti\u00ean \u1edf m\u00f9a gi\u1ea3i La Liga 2023\/24, sau v\u1ee5 x\u00f4 x\u00e1t v\u1edbi Alex Baena c\u1ee7a Villarreal v\u00e0o ng\u00e0y 08\/04.","og_url":"https:\/\/laligaupdate.com\/vn\/federico-valverde-doi-mat-voi-lenh-cam-thi-dau-4-tran-o-laliga-2023-24\/","og_site_name":"C\u1eadp nh\u1eadt La Liga","article_published_time":"2023-06-29T03:11:39+00:00","article_modified_time":"2023-06-30T03:34:53+00:00","og_image":[{"width":740,"height":555,"url":"https:\/\/laligaupdate.com\/vn\/wp-content\/uploads\/sites\/5\/2023\/06\/1-555-1681778389-593-width740height555.jpg","type":"image\/jpeg"}],"author":"Jane","twitter_card":"summary_large_image","twitter_misc":{"\u0110\u01b0\u1ee3c vi\u1ebft b\u1edfi":"Jane","\u01af\u1edbc t\u00ednh th\u1eddi gian \u0111\u1ecdc":"2 ph\u00fat"},"schema":{"@context":"https:\/\/schema.org","@graph":[{"@type":"Article","@id":"https:\/\/laligaupdate.com\/vn\/federico-valverde-doi-mat-voi-lenh-cam-thi-dau-4-tran-o-laliga-2023-24\/#article","isPartOf":{"@id":"https:\/\/laligaupdate.com\/vn\/federico-valverde-doi-mat-voi-lenh-cam-thi-dau-4-tran-o-laliga-2023-24\/"},"author":{"name":"Jane","@id":"https:\/\/laligaupdate.com\/vn\/#\/schema\/person\/a2557bdd00a14d93cd525314480ff6fc"},"headline":"Federico Valverde nguy c\u01a1 b\u1ecb c\u1ea5m 4 tr\u1eadn","datePublished":"2023-06-29T03:11:39+00:00","dateModified":"2023-06-30T03:34:53+00:00","mainEntityOfPage":{"@id":"https:\/\/laligaupdate.com\/vn\/federico-valverde-doi-mat-voi-lenh-cam-thi-dau-4-tran-o-laliga-2023-24\/"},"wordCount":499,"publisher":{"@id":"https:\/\/laligaupdate.com\/vn\/#organization"},"keywords":["Alex Baena","federico valverde","Real Madrid"],"articleSection":["Tin T\u1ee9c LaLiga"],"inLanguage":"vi"},{"@type":"WebPage","@id":"https:\/\/laligaupdate.com\/vn\/federico-valverde-doi-mat-voi-lenh-cam-thi-dau-4-tran-o-laliga-2023-24\/","url":"https:\/\/laligaupdate.com\/vn\/federico-valverde-doi-mat-voi-lenh-cam-thi-dau-4-tran-o-laliga-2023-24\/","name":"Federico Valverde nguy c\u01a1 b\u1ecb c\u1ea5m 4 tr\u1eadn - C\u1eadp nh\u1eadt La Liga","isPartOf":{"@id":"https:\/\/laligaupdate.com\/vn\/#website"},"datePublished":"2023-06-29T03:11:39+00:00","dateModified":"2023-06-30T03:34:53+00:00","description":"Sao Real Madrid, Fede Valverde \u0111ang ph\u1ea3i \u0111\u1ed1i m\u1eb7t v\u1edbi l\u1ec7nh c\u1ea5m thi \u0111\u1ea5u trong 4 tr\u1eadn \u0111\u1ea7u ti\u00ean \u1edf m\u00f9a gi\u1ea3i La Liga 2023\/24, sau v\u1ee5 x\u00f4 x\u00e1t v\u1edbi Alex Baena c\u1ee7a Villarreal v\u00e0o ng\u00e0y 08\/04.","breadcrumb":{"@id":"https:\/\/laligaupdate.com\/vn\/federico-valverde-doi-mat-voi-lenh-cam-thi-dau-4-tran-o-laliga-2023-24\/#breadcrumb"},"inLanguage":"vi","potentialAction":[{"@type":"ReadAction","target":["https:\/\/laligaupdate.com\/vn\/federico-valverde-doi-mat-voi-lenh-cam-thi-dau-4-tran-o-laliga-2023-24\/"]}]},{"@type":"BreadcrumbList","@id":"https:\/\/laligaupdate.com\/vn\/federico-valverde-doi-mat-voi-lenh-cam-thi-dau-4-tran-o-laliga-2023-24\/#breadcrumb","itemListElement":[{"@type":"ListItem","position":1,"name":"Trang ch\u1ee7","item":"https:\/\/laligaupdate.com\/vn\/"},{"@type":"ListItem","position":2,"name":"Tin T\u1ee9c LaLiga","item":"https:\/\/laligaupdate.com\/vn\/category\/laliga-news\/"},{"@type":"ListItem","position":3,"name":"Federico Valverde nguy c\u01a1 b\u1ecb c\u1ea5m 4 tr\u1eadn"}]},{"@type":"WebSite","@id":"https:\/\/laligaupdate.com\/vn\/#website","url":"https:\/\/laligaupdate.com\/vn\/","name":"C\u1eadp nh\u1eadt La Liga","description":"L\u00e0 trung t\u00e2m cung c\u1ea5p m\u1ecdi th\u1ee9 v\u1ec1 b\u00f3ng \u0111\u00e1 T\u00e2y Ban Nha.","publisher":{"@id":"https:\/\/laligaupdate.com\/vn\/#organization"},"potentialAction":[{"@type":"SearchAction","target":{"@type":"EntryPoint","urlTemplate":"https:\/\/laligaupdate.com\/vn\/?s={search_term_string}"},"query-input":"required name=search_term_string"}],"inLanguage":"vi"},{"@type":"Organization","@id":"https:\/\/laligaupdate.com\/vn\/#organization","name":"C\u1eadp nh\u1eadt La Liga","url":"https:\/\/laligaupdate.com\/vn\/","logo":{"@type":"ImageObject","inLanguage":"vi","@id":"https:\/\/laligaupdate.com\/vn\/#\/schema\/logo\/image\/","url":"https:\/\/laligaupdate.com\/vn\/wp-content\/uploads\/sites\/5\/2023\/06\/2288340e-0a23-4257-89c8-ac62c3db799c.png","contentUrl":"https:\/\/laligaupdate.com\/vn\/wp-content\/uploads\/sites\/5\/2023\/06\/2288340e-0a23-4257-89c8-ac62c3db799c.png","width":696,"height":331,"caption":"C\u1eadp nh\u1eadt La Liga"},"image":{"@id":"https:\/\/laligaupdate.com\/vn\/#\/schema\/logo\/image\/"}},{"@type":"Person","@id":"https:\/\/laligaupdate.com\/vn\/#\/schema\/person\/a2557bdd00a14d93cd525314480ff6fc","name":"Jane","image":{"@type":"ImageObject","inLanguage":"vi","@id":"https:\/\/laligaupdate.com\/vn\/#\/schema\/person\/image\/","url":"https:\/\/secure.gravatar.com\/avatar\/1a5281b7800623fd8fb890b3a25490b707425cd404a09f05b4edcc73482dc0b8?s=96&d=mm&r=g","contentUrl":"https:\/\/secure.gravatar.com\/avatar\/1a5281b7800623fd8fb890b3a25490b707425cd404a09f05b4edcc73482dc0b8?s=96&d=mm&r=g","caption":"Jane"},"url":"https:\/\/laligaupdate.com\/vn\/author\/janeh\/"}]}},"_links":{"self":[{"href":"https:\/\/laligaupdate.com\/vn\/wp-json\/wp\/v2\/posts\/2218","targetHints":{"allow":["GET"]}}],"collection":[{"href":"https:\/\/laligaupdate.com\/vn\/wp-json\/wp\/v2\/posts"}],"about":[{"href":"https:\/\/laligaupdate.com\/vn\/wp-json\/wp\/v2\/types\/post"}],"author":[{"embeddable":true,"href":"https:\/\/laligaupdate.com\/vn\/wp-json\/wp\/v2\/users\/22"}],"replies":[{"embeddable":true,"href":"https:\/\/laligaupdate.com\/vn\/wp-json\/wp\/v2\/comments?post=2218"}],"version-history":[{"count":5,"href":"https:\/\/laligaupdate.com\/vn\/wp-json\/wp\/v2\/posts\/2218\/revisions"}],"predecessor-version":[{"id":2227,"href":"https:\/\/laligaupdate.com\/vn\/wp-json\/wp\/v2\/posts\/2218\/revisions\/2227"}],"wp:featuredmedia":[{"embeddable":true,"href":"https:\/\/laligaupdate.com\/vn\/wp-json\/wp\/v2\/media\/2224"}],"wp:attachment":[{"href":"https:\/\/laligaupdate.com\/vn\/wp-json\/wp\/v2\/media?parent=2218"}],"wp:term":[{"taxonomy":"category","embeddable":true,"href":"https:\/\/laligaupdate.com\/vn\/wp-json\/wp\/v2\/categories?post=2218"},{"taxonomy":"post_tag","embeddable":true,"href":"https:\/\/laligaupdate.com\/vn\/wp-json\/wp\/v2\/tags?post=2218"}],"curies":[{"name":"wp","href":"https:\/\/api.w.org\/{rel}","templated":true}]}}