{"id":2263,"date":"2023-07-06T04:21:33","date_gmt":"2023-07-06T04:21:33","guid":{"rendered":"https:\/\/laligaupdate.com\/vn\/?p=2263"},"modified":"2023-07-06T05:23:01","modified_gmt":"2023-07-06T05:23:01","slug":"arda-guler-chon-gia-nhap-real-madrid","status":"publish","type":"post","link":"https:\/\/laligaupdate.com\/vn\/arda-guler-chon-gia-nhap-real-madrid\/","title":{"rendered":"Arda\u00a0Guler\u00a0ch\u1ecdn gia nh\u1eadp Real Madrid"},"content":{"rendered":"\n<h3 class=\"wp-block-heading\">Theo nhi\u1ec1u ngu\u1ed3n tin, Arda Guler \u0111\u00e3 ch\u1ecdn gia nh\u1eadp\u00a0<a href=\"https:\/\/laligaupdate.com\/vn\/laliga-clubs\/cau-lac-bo-real-madrid\/\">Real Madrid<\/a>\u00a0thay v\u00ec\u00a0<a href=\"https:\/\/laligaupdate.com\/vn\/laliga-clubs\/barcelona\/\">Barcelona<\/a>, \u200b\u200btrong \u0111\u00f3 c\u00f3\u00a0<a href=\"https:\/\/twitter.com\/MarioCortegana\">Mario Cortegana<\/a>\u00a0\u00a0\u2013 m\u1ed9t c\u00e2y vi\u1ebft th\u1ec3 thao \u0111\u00e1ng tin c\u1eady c\u1ee7a t\u1edd Athletic x\u00e1c nh\u1eadn. <\/h3>\n\n\n\n<p>Si\u00eau t\u00e0i n\u0103ng ng\u01b0\u1eddi Th\u1ed5 Nh\u0129 K\u1ef3 \u0111\u00e3 \u0111\u01b0\u1ee3c nh\u1eafc \u0111\u1ebfn trong nhi\u1ec1u tu\u1ea7n, anh \u0111\u00e3 l\u1ecdt v\u00e0o m\u1eaft xanh c\u1ee7a c\u1ea3 hai g\u00e3 kh\u1ed5ng l\u1ed3 La Liga l\u00e0 Madrid v\u00e0 Barca.<\/p>\n\n\n\n<p>\u0110\u1ecdc th\u00eam:<a href=\"https:\/\/laligaupdate.com\/vn\/2023\/06\/20\/cap-nhat-ao-dau-laliga-2023-24-moi-nhat\/\">&nbsp;C\u1eadp nh\u1eadt \u00e1o \u0111\u1ea5u La Liga 2023\/24 m\u1edbi nh\u1ea5t<\/a><\/p>\n\n\n\n<p><a href=\"https:\/\/laligaupdate.com\/vn\/2023\/06\/26\/laliga-nhung-vu-chuyen-nhuong-da-hoan-tat-2023-24\/\">La Liga \u2013 Nh\u1eefng v\u1ee5 chuy\u1ec3n nh\u01b0\u1ee3ng \u0111\u00e3 ho\u00e0n t\u1ea5t 2023\/24<\/a><\/p>\n\n\n\n<h3 class=\"wp-block-heading\">Arda Guler ch\u1ecdn Real Madrid<\/h3>\n\n\n\n<p>Tr\u01b0\u1edbc \u0111\u00f3, ch\u1ee7 t\u1ecbch c\u1ee7a \u0111\u1ed9i b\u00f3ng x\u1ee9 Catalan, Joan Laporta ti\u1ebft l\u1ed9 r\u1eb1ng gi\u00e1m \u0111\u1ed1c th\u1ec3 thao Deco \u0111\u00e3 \u0111\u00e0m ph\u00e1n v\u1edbi Fenerbahce \u0111\u1ec3 chi\u00eau m\u1ed9 anh \u1edf Th\u1ed5 Nh\u0129 K\u1ef3.<\/p>\n\n\n\n<figure class=\"wp-block-image size-full\"><img loading=\"lazy\" decoding=\"async\" width=\"1024\" height=\"576\" src=\"https:\/\/laligaupdate.com\/vn\/wp-content\/uploads\/sites\/5\/2023\/07\/image-8.png\" alt=\"\" class=\"wp-image-2264\" srcset=\"https:\/\/laligaupdate.com\/vn\/wp-content\/uploads\/sites\/5\/2023\/07\/image-8.png 1024w, https:\/\/laligaupdate.com\/vn\/wp-content\/uploads\/sites\/5\/2023\/07\/image-8-300x169.png 300w, https:\/\/laligaupdate.com\/vn\/wp-content\/uploads\/sites\/5\/2023\/07\/image-8-768x432.png 768w, https:\/\/laligaupdate.com\/vn\/wp-content\/uploads\/sites\/5\/2023\/07\/image-8-590x332.png 590w\" sizes=\"auto, (max-width: 1024px) 100vw, 1024px\" \/><figcaption class=\"wp-element-caption\">Barcelona v\u00e0 Madrid \u0111\u1ea1i chi\u1ebfn v\u00ec c\u1ea7u th\u1ee7 tr\u1ebb<\/figcaption><\/figure>\n\n\n\n<p>Tuy nhi\u00ean, Guler mu\u1ed1n c\u00f3 c\u01a1 h\u1ed9i k\u00fd h\u1ee3p \u0111\u1ed3ng v\u1edbi Los Blancos v\u00e0 \u0111\u01b0\u1ee3c cho l\u00e0 \u0111\u00e3 quy\u1ebft \u0111\u1ecbnh tr\u1edf th\u00e0nh m\u1ed9t Galacticos m\u1edbi.<\/p>\n\n\n\n<p>Sau khi th\u1ecfa thu\u1eadn v\u1edbi nh\u1eefng cu\u1ed9c \u0111\u00e0m ph\u00e1n cu\u1ed1i c\u00f9ng ho\u00e0n t\u1ea5t, anh s\u1ebd gia nh\u1eadp \u0111\u1ed9i h\u00ecnh c\u1ee7a Carlo Ancelotti tr\u01b0\u1edbc m\u00f9a gi\u1ea3i.<\/p>\n\n\n\n<p>Guler k\u00fd h\u1ee3p \u0111\u1ed3ng \u0111\u1ebfn n\u0103m 2025 bao g\u1ed3m \u0111i\u1ec1u kho\u1ea3n gi\u1ea3i ph\u00f3ng 17,5 tri\u1ec7u euro (15 tri\u1ec7u b\u1ea3ng; 19 tri\u1ec7u USD), \u0111\u00e1p \u1ee9ng y\u00eau c\u1ea7u t\u1eeb Fenerbahce.&nbsp;D\u1ef1 ki\u1ebfn Real Madrid \u200b\u200bs\u1ebd tr\u1ea3 nhi\u1ec1u h\u01a1n \u0111i\u1ec1u kho\u1ea3n gi\u1ea3i ph\u00f3ng h\u1ee3p \u0111\u1ed3ng \u0111\u1ec3 \u0111\u1ea3m b\u1ea3o anh c\u00f3 th\u1ec3 r\u1eddi \u0111i m\u1ed9t c\u00e1ch su\u00f4n s\u1ebb kh\u1ecfi Th\u1ed5 Nh\u0129 K\u1ef3.&nbsp;Fenerbahce c\u0169ng \u0111\u00e3 bao g\u1ed3m \u0111i\u1ec1u kho\u1ea3n b\u00e1n l\u1ea1i 20%.<\/p>\n\n\n\n<p><a href=\"https:\/\/laligaupdate.com\/vn\/\" target=\"_blank\" rel=\"noreferrer noopener\">C\u1eadp nh\u1eadt tin t\u1ee9c m\u1edbi La Liga t\u1ea1i \u0111\u00e2y<\/a>&nbsp;&nbsp;<\/p>\n\n\n\n<figure class=\"wp-block-image size-full\"><img loading=\"lazy\" decoding=\"async\" width=\"948\" height=\"1024\" src=\"https:\/\/laligaupdate.com\/vn\/wp-content\/uploads\/sites\/5\/2023\/07\/image-9.png\" alt=\"\" class=\"wp-image-2265\" srcset=\"https:\/\/laligaupdate.com\/vn\/wp-content\/uploads\/sites\/5\/2023\/07\/image-9.png 948w, https:\/\/laligaupdate.com\/vn\/wp-content\/uploads\/sites\/5\/2023\/07\/image-9-278x300.png 278w, https:\/\/laligaupdate.com\/vn\/wp-content\/uploads\/sites\/5\/2023\/07\/image-9-768x830.png 768w, https:\/\/laligaupdate.com\/vn\/wp-content\/uploads\/sites\/5\/2023\/07\/image-9-590x637.png 590w\" sizes=\"auto, (max-width: 948px) 100vw, 948px\" \/><figcaption class=\"wp-element-caption\">Barcelona t\u01b0\u1edfng ch\u1eebng ch\u1ed1t deal v\u1edbi Guler so v\u1edbi Los Blancos<\/figcaption><\/figure>\n\n\n\n<p><strong>D\u1ef1 \u0111o\u00e1n k\u1ebft qu\u1ea3 b\u00f3ng \u0111\u00e1 t\u1ea1i&nbsp;<a href=\"https:\/\/record.brave158.com\/_cvKXN19j5PQlu5cdA8BczmNd7ZgqdRLk\/3\/\" target=\"_blank\" rel=\"noreferrer noopener\">\u0110\u00c2Y<\/a><\/strong><\/p>\n\n\n\n<p>Tuy\u1ec3n th\u1ee7 Th\u1ed5 Nh\u0129 K\u1ef3 ph\u00f9 h\u1ee3p v\u1edbi chi\u1ebfn l\u01b0\u1ee3c chuy\u1ec3n nh\u01b0\u1ee3ng hi\u1ec7n t\u1ea1i c\u1ee7a Real: anh \u1ea5y c\u00f2n tr\u1ebb, t\u00e0i n\u0103ng v\u00e0 s\u1eb5n s\u00e0ng \u1edf m\u1ed9t m\u1ee9c gi\u00e1 \u0111\u01b0\u1ee3c coi l\u00e0 h\u1ee3p l\u00fd n\u1ebfu x\u00e9t \u0111\u1ebfn ti\u1ec1m n\u0103ng c\u1ee7a anh \u1ea5y.<\/p>\n\n\n\n<p>\u0110\u01b0\u1ee3c v\u00ed nh\u01b0 c\u1ef1u c\u1ea7u th\u1ee7 v\u0129 \u0111\u1ea1i c\u1ee7a Real Madrid, Mesut Oezil, nh\u1edd k\u1ef9 thu\u1eadt xu\u1ea5t s\u1eafc, Guler \u0111\u00e3 c\u00f3 phong \u0111\u1ed9 tuy\u1ec7t v\u1eddi khi ch\u01a1i cho Fenerbahce m\u00f9a tr\u01b0\u1edbc.&nbsp;Kh\u00f4ng ai trong \u0111\u1ed9 tu\u1ed5i n\u00e0y g\u00f3p c\u00f4ng v\u00e0o nhi\u1ec1u b\u00e0n th\u1eafng h\u01a1n anh \u1edf Super Lig v\u00e0 5 gi\u1ea3i \u0111\u1ea5u h\u00e0ng \u0111\u1ea7u ch\u00e2u \u00c2u, v\u00e0 anh c\u0169ng xu\u1ea5t hi\u1ec7n trong danh s\u00e1ch b\u00ecnh ch\u1ecdn cho gi\u1ea3i th\u01b0\u1edfng C\u1eadu b\u00e9 v\u00e0ng c\u1ee7a Tuttosport v\u00e0o th\u00e1ng tr\u01b0\u1edbc.<\/p>\n","protected":false},"excerpt":{"rendered":"<p>Theo nhi\u1ec1u ngu\u1ed3n tin, Arda Guler \u0111\u00e3 ch\u1ecdn gia nh\u1eadp\u00a0Real Madrid\u00a0thay v\u00ec\u00a0Barcelona, \u200b\u200btrong \u0111\u00f3 c\u00f3\u00a0Mario Cortegana\u00a0\u00a0\u2013 m\u1ed9t c\u00e2y vi\u1ebft th\u1ec3 thao \u0111\u00e1ng tin c\u1eady c\u1ee7a t\u1edd Athletic x\u00e1c nh\u1eadn. Si\u00eau t\u00e0i n\u0103ng ng\u01b0\u1eddi Th\u1ed5 Nh\u0129 K\u1ef3 \u0111\u00e3 \u0111\u01b0\u1ee3c nh\u1eafc \u0111\u1ebfn trong nhi\u1ec1u tu\u1ea7n, anh \u0111\u00e3 l\u1ecdt v\u00e0o m\u1eaft xanh c\u1ee7a c\u1ea3 hai g\u00e3 kh\u1ed5ng l\u1ed3 [&hellip;]<\/p>\n","protected":false},"author":22,"featured_media":2266,"comment_status":"closed","ping_status":"closed","sticky":true,"template":"","format":"standard","meta":{"footnotes":""},"categories":[100],"tags":[388,387,10,17,58],"class_list":["post-2263","post","type-post","status-publish","format-standard","has-post-thumbnail","hentry","category-laliga-news","tag-arda-guler-2","tag-arda-guler-chon-gia-nhap-real-madrid","tag-barcelona","tag-chuyen-nhuong","tag-real-madrid"],"yoast_head":"<!-- This site is optimized with the Yoast SEO plugin v21.3 - https:\/\/yoast.com\/wordpress\/plugins\/seo\/ -->\n<title>Arda\u00a0Guler\u00a0ch\u1ecdn gia nh\u1eadp Real Madrid - C\u1eadp nh\u1eadt La Liga<\/title>\n<meta name=\"description\" content=\"Theo nhi\u1ec1u ngu\u1ed3n tin, Arda Guler \u0111\u00e3 ch\u1ecdn gia nh\u1eadp\u00a0Real Madrid\u00a0thay v\u00ec\u00a0Barcelona, \u200b\u200btrong \u0111\u00f3 c\u00f3\u00a0Mario Cortegana\u00a0\u00a0\u2013 m\u1ed9t c\u00e2y vi\u1ebft th\u1ec3 thao \u0111\u00e1ng tin c\u1eady c\u1ee7a t\u1edd Athletic.\" \/>\n<meta name=\"robots\" content=\"index, follow, max-snippet:-1, max-image-preview:large, max-video-preview:-1\" \/>\n<link rel=\"canonical\" href=\"https:\/\/laligaupdate.com\/vn\/arda-guler-chon-gia-nhap-real-madrid\/\" \/>\n<meta property=\"og:locale\" content=\"vi_VN\" \/>\n<meta property=\"og:type\" content=\"article\" \/>\n<meta property=\"og:title\" content=\"Arda\u00a0Guler\u00a0ch\u1ecdn gia nh\u1eadp Real Madrid - C\u1eadp nh\u1eadt La Liga\" \/>\n<meta property=\"og:description\" content=\"Theo nhi\u1ec1u ngu\u1ed3n tin, Arda Guler \u0111\u00e3 ch\u1ecdn gia nh\u1eadp\u00a0Real Madrid\u00a0thay v\u00ec\u00a0Barcelona, \u200b\u200btrong \u0111\u00f3 c\u00f3\u00a0Mario Cortegana\u00a0\u00a0\u2013 m\u1ed9t c\u00e2y vi\u1ebft th\u1ec3 thao \u0111\u00e1ng tin c\u1eady c\u1ee7a t\u1edd Athletic.\" \/>\n<meta property=\"og:url\" content=\"https:\/\/laligaupdate.com\/vn\/arda-guler-chon-gia-nhap-real-madrid\/\" \/>\n<meta property=\"og:site_name\" content=\"C\u1eadp nh\u1eadt La Liga\" \/>\n<meta property=\"article:published_time\" content=\"2023-07-06T04:21:33+00:00\" \/>\n<meta property=\"article:modified_time\" content=\"2023-07-06T05:23:01+00:00\" \/>\n<meta property=\"og:image\" content=\"https:\/\/laligaupdate.com\/vn\/wp-content\/uploads\/sites\/5\/2023\/07\/Arda-Guler-chose-Real-Madrid-over-Barcelona-min-768x576-1.jpg\" \/>\n\t<meta property=\"og:image:width\" content=\"768\" \/>\n\t<meta property=\"og:image:height\" content=\"576\" \/>\n\t<meta property=\"og:image:type\" content=\"image\/jpeg\" \/>\n<meta name=\"author\" content=\"Jane\" \/>\n<meta name=\"twitter:card\" content=\"summary_large_image\" \/>\n<meta name=\"twitter:label1\" content=\"\u0110\u01b0\u1ee3c vi\u1ebft b\u1edfi\" \/>\n\t<meta name=\"twitter:data1\" content=\"Jane\" \/>\n\t<meta name=\"twitter:label2\" content=\"\u01af\u1edbc t\u00ednh th\u1eddi gian \u0111\u1ecdc\" \/>\n\t<meta name=\"twitter:data2\" content=\"3 ph\u00fat\" \/>\n<script type=\"application\/ld+json\" class=\"yoast-schema-graph\">{\"@context\":\"https:\/\/schema.org\",\"@graph\":[{\"@type\":\"Article\",\"@id\":\"https:\/\/laligaupdate.com\/vn\/arda-guler-chon-gia-nhap-real-madrid\/#article\",\"isPartOf\":{\"@id\":\"https:\/\/laligaupdate.com\/vn\/arda-guler-chon-gia-nhap-real-madrid\/\"},\"author\":{\"name\":\"Jane\",\"@id\":\"https:\/\/laligaupdate.com\/vn\/#\/schema\/person\/a2557bdd00a14d93cd525314480ff6fc\"},\"headline\":\"Arda\u00a0Guler\u00a0ch\u1ecdn gia nh\u1eadp Real Madrid\",\"datePublished\":\"2023-07-06T04:21:33+00:00\",\"dateModified\":\"2023-07-06T05:23:01+00:00\",\"mainEntityOfPage\":{\"@id\":\"https:\/\/laligaupdate.com\/vn\/arda-guler-chon-gia-nhap-real-madrid\/\"},\"wordCount\":566,\"publisher\":{\"@id\":\"https:\/\/laligaupdate.com\/vn\/#organization\"},\"keywords\":[\"Arda\u00a0Guler\",\"Arda\u00a0Guler\u00a0ch\u1ecdn gia nh\u1eadp Real Madrid\",\"Barcelona\",\"Chuy\u1ec3n nh\u01b0\u1ee3ng\",\"Real Madrid\"],\"articleSection\":[\"Tin T\u1ee9c LaLiga\"],\"inLanguage\":\"vi\"},{\"@type\":\"WebPage\",\"@id\":\"https:\/\/laligaupdate.com\/vn\/arda-guler-chon-gia-nhap-real-madrid\/\",\"url\":\"https:\/\/laligaupdate.com\/vn\/arda-guler-chon-gia-nhap-real-madrid\/\",\"name\":\"Arda\u00a0Guler\u00a0ch\u1ecdn gia nh\u1eadp Real Madrid - C\u1eadp nh\u1eadt La Liga\",\"isPartOf\":{\"@id\":\"https:\/\/laligaupdate.com\/vn\/#website\"},\"datePublished\":\"2023-07-06T04:21:33+00:00\",\"dateModified\":\"2023-07-06T05:23:01+00:00\",\"description\":\"Theo nhi\u1ec1u ngu\u1ed3n tin, Arda Guler \u0111\u00e3 ch\u1ecdn gia nh\u1eadp\u00a0Real Madrid\u00a0thay v\u00ec\u00a0Barcelona, \u200b\u200btrong \u0111\u00f3 c\u00f3\u00a0Mario Cortegana\u00a0\u00a0\u2013 m\u1ed9t c\u00e2y vi\u1ebft th\u1ec3 thao \u0111\u00e1ng tin c\u1eady c\u1ee7a t\u1edd Athletic.\",\"breadcrumb\":{\"@id\":\"https:\/\/laligaupdate.com\/vn\/arda-guler-chon-gia-nhap-real-madrid\/#breadcrumb\"},\"inLanguage\":\"vi\",\"potentialAction\":[{\"@type\":\"ReadAction\",\"target\":[\"https:\/\/laligaupdate.com\/vn\/arda-guler-chon-gia-nhap-real-madrid\/\"]}]},{\"@type\":\"BreadcrumbList\",\"@id\":\"https:\/\/laligaupdate.com\/vn\/arda-guler-chon-gia-nhap-real-madrid\/#breadcrumb\",\"itemListElement\":[{\"@type\":\"ListItem\",\"position\":1,\"name\":\"Trang ch\u1ee7\",\"item\":\"https:\/\/laligaupdate.com\/vn\/\"},{\"@type\":\"ListItem\",\"position\":2,\"name\":\"Tin T\u1ee9c LaLiga\",\"item\":\"https:\/\/laligaupdate.com\/vn\/category\/laliga-news\/\"},{\"@type\":\"ListItem\",\"position\":3,\"name\":\"Arda\u00a0Guler\u00a0ch\u1ecdn gia nh\u1eadp Real Madrid\"}]},{\"@type\":\"WebSite\",\"@id\":\"https:\/\/laligaupdate.com\/vn\/#website\",\"url\":\"https:\/\/laligaupdate.com\/vn\/\",\"name\":\"C\u1eadp nh\u1eadt La Liga\",\"description\":\"L\u00e0 trung t\u00e2m cung c\u1ea5p m\u1ecdi th\u1ee9 v\u1ec1 b\u00f3ng \u0111\u00e1 T\u00e2y Ban Nha.\",\"publisher\":{\"@id\":\"https:\/\/laligaupdate.com\/vn\/#organization\"},\"potentialAction\":[{\"@type\":\"SearchAction\",\"target\":{\"@type\":\"EntryPoint\",\"urlTemplate\":\"https:\/\/laligaupdate.com\/vn\/?s={search_term_string}\"},\"query-input\":\"required name=search_term_string\"}],\"inLanguage\":\"vi\"},{\"@type\":\"Organization\",\"@id\":\"https:\/\/laligaupdate.com\/vn\/#organization\",\"name\":\"C\u1eadp nh\u1eadt La Liga\",\"url\":\"https:\/\/laligaupdate.com\/vn\/\",\"logo\":{\"@type\":\"ImageObject\",\"inLanguage\":\"vi\",\"@id\":\"https:\/\/laligaupdate.com\/vn\/#\/schema\/logo\/image\/\",\"url\":\"https:\/\/laligaupdate.com\/vn\/wp-content\/uploads\/sites\/5\/2023\/06\/2288340e-0a23-4257-89c8-ac62c3db799c.png\",\"contentUrl\":\"https:\/\/laligaupdate.com\/vn\/wp-content\/uploads\/sites\/5\/2023\/06\/2288340e-0a23-4257-89c8-ac62c3db799c.png\",\"width\":696,\"height\":331,\"caption\":\"C\u1eadp nh\u1eadt La Liga\"},\"image\":{\"@id\":\"https:\/\/laligaupdate.com\/vn\/#\/schema\/logo\/image\/\"}},{\"@type\":\"Person\",\"@id\":\"https:\/\/laligaupdate.com\/vn\/#\/schema\/person\/a2557bdd00a14d93cd525314480ff6fc\",\"name\":\"Jane\",\"image\":{\"@type\":\"ImageObject\",\"inLanguage\":\"vi\",\"@id\":\"https:\/\/laligaupdate.com\/vn\/#\/schema\/person\/image\/\",\"url\":\"https:\/\/secure.gravatar.com\/avatar\/1a5281b7800623fd8fb890b3a25490b707425cd404a09f05b4edcc73482dc0b8?s=96&d=mm&r=g\",\"contentUrl\":\"https:\/\/secure.gravatar.com\/avatar\/1a5281b7800623fd8fb890b3a25490b707425cd404a09f05b4edcc73482dc0b8?s=96&d=mm&r=g\",\"caption\":\"Jane\"},\"url\":\"https:\/\/laligaupdate.com\/vn\/author\/janeh\/\"}]}<\/script>\n<!-- \/ Yoast SEO plugin. -->","yoast_head_json":{"title":"Arda\u00a0Guler\u00a0ch\u1ecdn gia nh\u1eadp Real Madrid - C\u1eadp nh\u1eadt La Liga","description":"Theo nhi\u1ec1u ngu\u1ed3n tin, Arda Guler \u0111\u00e3 ch\u1ecdn gia nh\u1eadp\u00a0Real Madrid\u00a0thay v\u00ec\u00a0Barcelona, \u200b\u200btrong \u0111\u00f3 c\u00f3\u00a0Mario Cortegana\u00a0\u00a0\u2013 m\u1ed9t c\u00e2y vi\u1ebft th\u1ec3 thao \u0111\u00e1ng tin c\u1eady c\u1ee7a t\u1edd Athletic.","robots":{"index":"index","follow":"follow","max-snippet":"max-snippet:-1","max-image-preview":"max-image-preview:large","max-video-preview":"max-video-preview:-1"},"canonical":"https:\/\/laligaupdate.com\/vn\/arda-guler-chon-gia-nhap-real-madrid\/","og_locale":"vi_VN","og_type":"article","og_title":"Arda\u00a0Guler\u00a0ch\u1ecdn gia nh\u1eadp Real Madrid - C\u1eadp nh\u1eadt La Liga","og_description":"Theo nhi\u1ec1u ngu\u1ed3n tin, Arda Guler \u0111\u00e3 ch\u1ecdn gia nh\u1eadp\u00a0Real Madrid\u00a0thay v\u00ec\u00a0Barcelona, \u200b\u200btrong \u0111\u00f3 c\u00f3\u00a0Mario Cortegana\u00a0\u00a0\u2013 m\u1ed9t c\u00e2y vi\u1ebft th\u1ec3 thao \u0111\u00e1ng tin c\u1eady c\u1ee7a t\u1edd Athletic.","og_url":"https:\/\/laligaupdate.com\/vn\/arda-guler-chon-gia-nhap-real-madrid\/","og_site_name":"C\u1eadp nh\u1eadt La Liga","article_published_time":"2023-07-06T04:21:33+00:00","article_modified_time":"2023-07-06T05:23:01+00:00","og_image":[{"width":768,"height":576,"url":"https:\/\/laligaupdate.com\/vn\/wp-content\/uploads\/sites\/5\/2023\/07\/Arda-Guler-chose-Real-Madrid-over-Barcelona-min-768x576-1.jpg","type":"image\/jpeg"}],"author":"Jane","twitter_card":"summary_large_image","twitter_misc":{"\u0110\u01b0\u1ee3c vi\u1ebft b\u1edfi":"Jane","\u01af\u1edbc t\u00ednh th\u1eddi gian \u0111\u1ecdc":"3 ph\u00fat"},"schema":{"@context":"https:\/\/schema.org","@graph":[{"@type":"Article","@id":"https:\/\/laligaupdate.com\/vn\/arda-guler-chon-gia-nhap-real-madrid\/#article","isPartOf":{"@id":"https:\/\/laligaupdate.com\/vn\/arda-guler-chon-gia-nhap-real-madrid\/"},"author":{"name":"Jane","@id":"https:\/\/laligaupdate.com\/vn\/#\/schema\/person\/a2557bdd00a14d93cd525314480ff6fc"},"headline":"Arda\u00a0Guler\u00a0ch\u1ecdn gia nh\u1eadp Real Madrid","datePublished":"2023-07-06T04:21:33+00:00","dateModified":"2023-07-06T05:23:01+00:00","mainEntityOfPage":{"@id":"https:\/\/laligaupdate.com\/vn\/arda-guler-chon-gia-nhap-real-madrid\/"},"wordCount":566,"publisher":{"@id":"https:\/\/laligaupdate.com\/vn\/#organization"},"keywords":["Arda\u00a0Guler","Arda\u00a0Guler\u00a0ch\u1ecdn gia nh\u1eadp Real Madrid","Barcelona","Chuy\u1ec3n nh\u01b0\u1ee3ng","Real Madrid"],"articleSection":["Tin T\u1ee9c LaLiga"],"inLanguage":"vi"},{"@type":"WebPage","@id":"https:\/\/laligaupdate.com\/vn\/arda-guler-chon-gia-nhap-real-madrid\/","url":"https:\/\/laligaupdate.com\/vn\/arda-guler-chon-gia-nhap-real-madrid\/","name":"Arda\u00a0Guler\u00a0ch\u1ecdn gia nh\u1eadp Real Madrid - C\u1eadp nh\u1eadt La Liga","isPartOf":{"@id":"https:\/\/laligaupdate.com\/vn\/#website"},"datePublished":"2023-07-06T04:21:33+00:00","dateModified":"2023-07-06T05:23:01+00:00","description":"Theo nhi\u1ec1u ngu\u1ed3n tin, Arda Guler \u0111\u00e3 ch\u1ecdn gia nh\u1eadp\u00a0Real Madrid\u00a0thay v\u00ec\u00a0Barcelona, \u200b\u200btrong \u0111\u00f3 c\u00f3\u00a0Mario Cortegana\u00a0\u00a0\u2013 m\u1ed9t c\u00e2y vi\u1ebft th\u1ec3 thao \u0111\u00e1ng tin c\u1eady c\u1ee7a t\u1edd Athletic.","breadcrumb":{"@id":"https:\/\/laligaupdate.com\/vn\/arda-guler-chon-gia-nhap-real-madrid\/#breadcrumb"},"inLanguage":"vi","potentialAction":[{"@type":"ReadAction","target":["https:\/\/laligaupdate.com\/vn\/arda-guler-chon-gia-nhap-real-madrid\/"]}]},{"@type":"BreadcrumbList","@id":"https:\/\/laligaupdate.com\/vn\/arda-guler-chon-gia-nhap-real-madrid\/#breadcrumb","itemListElement":[{"@type":"ListItem","position":1,"name":"Trang ch\u1ee7","item":"https:\/\/laligaupdate.com\/vn\/"},{"@type":"ListItem","position":2,"name":"Tin T\u1ee9c LaLiga","item":"https:\/\/laligaupdate.com\/vn\/category\/laliga-news\/"},{"@type":"ListItem","position":3,"name":"Arda\u00a0Guler\u00a0ch\u1ecdn gia nh\u1eadp Real Madrid"}]},{"@type":"WebSite","@id":"https:\/\/laligaupdate.com\/vn\/#website","url":"https:\/\/laligaupdate.com\/vn\/","name":"C\u1eadp nh\u1eadt La Liga","description":"L\u00e0 trung t\u00e2m cung c\u1ea5p m\u1ecdi th\u1ee9 v\u1ec1 b\u00f3ng \u0111\u00e1 T\u00e2y Ban Nha.","publisher":{"@id":"https:\/\/laligaupdate.com\/vn\/#organization"},"potentialAction":[{"@type":"SearchAction","target":{"@type":"EntryPoint","urlTemplate":"https:\/\/laligaupdate.com\/vn\/?s={search_term_string}"},"query-input":"required name=search_term_string"}],"inLanguage":"vi"},{"@type":"Organization","@id":"https:\/\/laligaupdate.com\/vn\/#organization","name":"C\u1eadp nh\u1eadt La Liga","url":"https:\/\/laligaupdate.com\/vn\/","logo":{"@type":"ImageObject","inLanguage":"vi","@id":"https:\/\/laligaupdate.com\/vn\/#\/schema\/logo\/image\/","url":"https:\/\/laligaupdate.com\/vn\/wp-content\/uploads\/sites\/5\/2023\/06\/2288340e-0a23-4257-89c8-ac62c3db799c.png","contentUrl":"https:\/\/laligaupdate.com\/vn\/wp-content\/uploads\/sites\/5\/2023\/06\/2288340e-0a23-4257-89c8-ac62c3db799c.png","width":696,"height":331,"caption":"C\u1eadp nh\u1eadt La Liga"},"image":{"@id":"https:\/\/laligaupdate.com\/vn\/#\/schema\/logo\/image\/"}},{"@type":"Person","@id":"https:\/\/laligaupdate.com\/vn\/#\/schema\/person\/a2557bdd00a14d93cd525314480ff6fc","name":"Jane","image":{"@type":"ImageObject","inLanguage":"vi","@id":"https:\/\/laligaupdate.com\/vn\/#\/schema\/person\/image\/","url":"https:\/\/secure.gravatar.com\/avatar\/1a5281b7800623fd8fb890b3a25490b707425cd404a09f05b4edcc73482dc0b8?s=96&d=mm&r=g","contentUrl":"https:\/\/secure.gravatar.com\/avatar\/1a5281b7800623fd8fb890b3a25490b707425cd404a09f05b4edcc73482dc0b8?s=96&d=mm&r=g","caption":"Jane"},"url":"https:\/\/laligaupdate.com\/vn\/author\/janeh\/"}]}},"_links":{"self":[{"href":"https:\/\/laligaupdate.com\/vn\/wp-json\/wp\/v2\/posts\/2263","targetHints":{"allow":["GET"]}}],"collection":[{"href":"https:\/\/laligaupdate.com\/vn\/wp-json\/wp\/v2\/posts"}],"about":[{"href":"https:\/\/laligaupdate.com\/vn\/wp-json\/wp\/v2\/types\/post"}],"author":[{"embeddable":true,"href":"https:\/\/laligaupdate.com\/vn\/wp-json\/wp\/v2\/users\/22"}],"replies":[{"embeddable":true,"href":"https:\/\/laligaupdate.com\/vn\/wp-json\/wp\/v2\/comments?post=2263"}],"version-history":[{"count":2,"href":"https:\/\/laligaupdate.com\/vn\/wp-json\/wp\/v2\/posts\/2263\/revisions"}],"predecessor-version":[{"id":2268,"href":"https:\/\/laligaupdate.com\/vn\/wp-json\/wp\/v2\/posts\/2263\/revisions\/2268"}],"wp:featuredmedia":[{"embeddable":true,"href":"https:\/\/laligaupdate.com\/vn\/wp-json\/wp\/v2\/media\/2266"}],"wp:attachment":[{"href":"https:\/\/laligaupdate.com\/vn\/wp-json\/wp\/v2\/media?parent=2263"}],"wp:term":[{"taxonomy":"category","embeddable":true,"href":"https:\/\/laligaupdate.com\/vn\/wp-json\/wp\/v2\/categories?post=2263"},{"taxonomy":"post_tag","embeddable":true,"href":"https:\/\/laligaupdate.com\/vn\/wp-json\/wp\/v2\/tags?post=2263"}],"curies":[{"name":"wp","href":"https:\/\/api.w.org\/{rel}","templated":true}]}}