{"id":3078,"date":"2024-01-24T15:36:37","date_gmt":"2024-01-24T08:36:37","guid":{"rendered":"https:\/\/laligaupdate.com\/vn\/?p=3078"},"modified":"2024-01-24T15:37:13","modified_gmt":"2024-01-24T08:37:13","slug":"eder-militao-gia-han-hop-dong-voi-real-madrid-den-2028","status":"publish","type":"post","link":"https:\/\/laligaupdate.com\/vn\/eder-militao-gia-han-hop-dong-voi-real-madrid-den-2028\/","title":{"rendered":"EDER MILITAO GIA H\u1ea0N H\u1ee2P \u0110\u1ed2NG V\u1edaI REAL MADRID \u0110\u1ebeN 2028"},"content":{"rendered":"\n<h3 class=\"wp-block-heading\"><a href=\"https:\/\/laligaupdate.com\/vn\/?s=eder+militao\">Eder Militao<\/a> \u0111\u1ed3ng \u00fd gia h\u1ea1n h\u1ee3p \u0111\u1ed3ng v\u1edbi Real Madrid cho \u0111\u1ebfn n\u0103m 2028, theo th\u00f4ng b\u00e1o t\u1eeb CLB x\u1ebfp h\u1ea1ng nh\u00ec <a href=\"https:\/\/laligaupdate.com\/vn\/\">La Liga<\/a>. <\/h3>\n\n\n\n<p>Trung v\u1ec7 ng\u01b0\u1eddi Brazil gia nh\u1eadp <a href=\"https:\/\/laligaupdate.com\/vn\/2022\/02\/04\/cau-lac-bo-real-madrid\/\">Real Madrid<\/a> v\u00e0o n\u0103m 2019 t\u1eeb FC Porto v\u00e0 nhanh ch\u00f3ng kh\u1eb3ng \u0111\u1ecbnh vai tr\u00f2 quan tr\u1ecdng c\u1ee7a m\u00ecnh tr\u00ean h\u00e0ng th\u1ee7.<\/p>\n\n\n\n<p>\u201cReal Madrid v\u00e0 Eder Militao \u0111\u00e3 \u0111\u1ed3ng \u00fd gia h\u1ea1n h\u1ee3p \u0111\u1ed3ng v\u1edbi c\u00e2u l\u1ea1c b\u1ed9 cho \u0111\u1ebfn ng\u00e0y 30\/6\/028,\u201d Real Madrid th\u00f4ng b\u00e1o tr\u00ean m\u1ea1ng x\u00e3 h\u1ed9i X.<\/p>\n\n\n\n<p>\u201cTrong 5 m\u00f9a kho\u00e1c \u00e1o Los Blancos, c\u1eadu \u1ea5y \u0111\u00e3 tr\u1edf th\u00e0nh m\u1ed9t trong nh\u1eefng trung v\u1ec7 xu\u1ea5t s\u1eafc nh\u1ea5t th\u1ebf gi\u1edbi.\u201d<\/p>\n\n\n\n<p><a href=\"https:\/\/laligaupdate.com\/vn\/\" target=\"_blank\" rel=\"noreferrer noopener\">C\u1eadp nh\u1eadt tin t\u1ee9c m\u1edbi La Liga t\u1ea1i \u0111\u00e2y<\/a>\u00a0\u00a0<\/p>\n\n\n\n<figure class=\"wp-block-embed is-type-rich is-provider-twitter wp-block-embed-twitter\"><div class=\"wp-block-embed__wrapper\">\n<blockquote class=\"twitter-tweet\" data-width=\"500\" data-dnt=\"true\"><p lang=\"qme\" dir=\"ltr\">2\ufe0f\u20e30\ufe0f\u20e31\ufe0f\u20e39\ufe0f\u20e3 \u23e9 2\ufe0f\u20e30\ufe0f\u20e32\ufe0f\u20e38\ufe0f\u20e3<br>\ud83e\udd0d <a href=\"https:\/\/twitter.com\/edermilitao?ref_src=twsrc%5Etfw\">@EderMilitao<\/a> \ud83e\udd0d<a href=\"https:\/\/twitter.com\/hashtag\/Milit%C3%A3o2028?src=hash&amp;ref_src=twsrc%5Etfw\">#Milit\u00e3o2028<\/a> <a href=\"https:\/\/t.co\/eweUowELJi\">pic.twitter.com\/eweUowELJi<\/a><\/p>&mdash; Real Madrid C.F. (@realmadrid) <a href=\"https:\/\/twitter.com\/realmadrid\/status\/1749776637011329316?ref_src=twsrc%5Etfw\">January 23, 2024<\/a><\/blockquote><script async src=\"https:\/\/platform.twitter.com\/widgets.js\" charset=\"utf-8\"><\/script>\n<\/div><\/figure>\n\n\n\n<p>C\u1ea7u th\u1ee7 26 tu\u1ed5i \u0111\u00e3 ghi \u0111\u01b0\u1ee3c 11 b\u00e0n th\u1eafng v\u00e0 ra s\u00e2n 143 l\u1ea7n c\u00f9ng Los Blancos. <\/p>\n\n\n\n<p>Militao \u0111\u00f3ng vai tr\u00f2 quan tr\u1ecdng trong hai ch\u1ee9c v\u00f4 \u0111\u1ecbch La Liga v\u00e0 Champions League trong 9 danh hi\u1ec7u m\u00e0 anh \u0111\u00e3 gi\u00e0nh \u0111\u01b0\u1ee3c c\u00f9ng Real Madrid, g\u1ed3m 1 Club World Cup, 1 Si\u00eau C\u00fap Ch\u00e2u \u00c2u, 2 gi\u1ea3i V\u0110QG T\u00e2y Ban Nha, 1 Copa Del Rey v\u00e0 3 Si\u00eau c\u00fap T\u00e2y Ban Nha. <\/p>\n\n\n\n<p>Anh c\u0169ng \u0111\u00e3 t\u1eebng g\u00f3p m\u1eb7t v\u00e0o World Cup 2022. <\/p>\n\n\n\n<p>\u201cT\u00f4i r\u1ea5t vui khi \u0111\u01b0\u1ee3c gia h\u1ea1n h\u1ee3p \u0111\u1ed3ng c\u1ee7a m\u00ecnh,\u201d Milit\u00e3o n\u00f3i\u00a0<a href=\"https:\/\/www.instagram.com\/stories\/edermilitao\/3286622265871447650\/?hl=es\" target=\"_blank\" rel=\"noreferrer noopener\">trong m\u1ed9t video \u0111\u0103ng tr\u00ean Instagram.<\/a><\/p>\n\n\n\n<p>Hi\u1ec7n t\u1ea1i <a href=\"https:\/\/laligaupdate.com\/vn\/2023\/08\/15\/real-madrid-mat-eder-militao-6-thang-do-chan-thuong\/\">Militao v\u1eabn \u0111ang h\u1ed3i ph\u1ee5c sau ch\u1ea5n th\u01b0\u01a1ng d\u00e2y ch\u1eb1ng ch\u00e9o tr\u01b0\u1edbc (ACL) v\u00e0o th\u00e1ng 8 n\u0103m ngo\u00e1i<\/a>. D\u00f9 v\u1eady anh v\u1eabn c\u00f3 \u0111\u01b0\u1ee3c s\u1ef1 tin t\u01b0\u1edfng c\u1ee7a CLB, v\u00e0 s\u1ebd tr\u1edf l\u1ea1i s\u1edbm sau khi ph\u1ee5c h\u1ed3i. Theo \u0111\u00f3, h\u1ee3p \u0111\u1ed3ng c\u1ee7a Militao c\u00f3 \u0111i\u1ec1u kho\u1ea3n tr\u1ecb gi\u00e1 1 t\u1ef7 b\u1ea3ng. <\/p>\n","protected":false},"excerpt":{"rendered":"<p>Eder Militao \u0111\u1ed3ng \u00fd gia h\u1ea1n h\u1ee3p \u0111\u1ed3ng v\u1edbi Real Madrid cho \u0111\u1ebfn n\u0103m 2028, theo th\u00f4ng b\u00e1o t\u1eeb CLB x\u1ebfp h\u1ea1ng nh\u00ec La Liga. Trung v\u1ec7 ng\u01b0\u1eddi Brazil gia nh\u1eadp Real Madrid v\u00e0o n\u0103m 2019 t\u1eeb FC Porto v\u00e0 nhanh ch\u00f3ng kh\u1eb3ng \u0111\u1ecbnh vai tr\u00f2 quan tr\u1ecdng c\u1ee7a m\u00ecnh tr\u00ean h\u00e0ng th\u1ee7. \u201cReal Madrid [&hellip;]<\/p>\n","protected":false},"author":22,"featured_media":3079,"comment_status":"closed","ping_status":"closed","sticky":true,"template":"","format":"standard","meta":{"footnotes":""},"categories":[1,100],"tags":[187,58],"class_list":["post-3078","post","type-post","status-publish","format-standard","has-post-thumbnail","hentry","category-featured","category-laliga-news","tag-eder-militao","tag-real-madrid"],"yoast_head":"<!-- This site is optimized with the Yoast SEO plugin v21.3 - https:\/\/yoast.com\/wordpress\/plugins\/seo\/ -->\n<title>EDER MILITAO GIA H\u1ea0N H\u1ee2P \u0110\u1ed2NG V\u1edaI REAL MADRID \u0110\u1ebeN 2028 - C\u1eadp nh\u1eadt La Liga<\/title>\n<meta name=\"description\" content=\"Eder Militao \u0111\u1ed3ng \u00fd gia h\u1ea1n h\u1ee3p \u0111\u1ed3ng v\u1edbi Real Madrid cho \u0111\u1ebfn n\u0103m 2028, theo th\u00f4ng b\u00e1o t\u1eeb CLB x\u1ebfp h\u1ea1ng nh\u00ec La Liga.\" \/>\n<meta name=\"robots\" content=\"index, follow, max-snippet:-1, max-image-preview:large, max-video-preview:-1\" \/>\n<link rel=\"canonical\" href=\"https:\/\/laligaupdate.com\/vn\/eder-militao-gia-han-hop-dong-voi-real-madrid-den-2028\/\" \/>\n<meta property=\"og:locale\" content=\"vi_VN\" \/>\n<meta property=\"og:type\" content=\"article\" \/>\n<meta property=\"og:title\" content=\"EDER MILITAO GIA H\u1ea0N H\u1ee2P \u0110\u1ed2NG V\u1edaI REAL MADRID \u0110\u1ebeN 2028 - C\u1eadp nh\u1eadt La Liga\" \/>\n<meta property=\"og:description\" content=\"Eder Militao \u0111\u1ed3ng \u00fd gia h\u1ea1n h\u1ee3p \u0111\u1ed3ng v\u1edbi Real Madrid cho \u0111\u1ebfn n\u0103m 2028, theo th\u00f4ng b\u00e1o t\u1eeb CLB x\u1ebfp h\u1ea1ng nh\u00ec La Liga.\" \/>\n<meta property=\"og:url\" content=\"https:\/\/laligaupdate.com\/vn\/eder-militao-gia-han-hop-dong-voi-real-madrid-den-2028\/\" \/>\n<meta property=\"og:site_name\" content=\"C\u1eadp nh\u1eadt La Liga\" \/>\n<meta property=\"article:published_time\" content=\"2024-01-24T08:36:37+00:00\" \/>\n<meta property=\"article:modified_time\" content=\"2024-01-24T08:37:13+00:00\" \/>\n<meta property=\"og:image\" content=\"https:\/\/laligaupdate.com\/vn\/wp-content\/uploads\/sites\/5\/2024\/01\/Eder-Militao-signs-extension-with-Real-Madrid-until-2028-800x500-1.jpg\" \/>\n\t<meta property=\"og:image:width\" content=\"800\" \/>\n\t<meta property=\"og:image:height\" content=\"500\" \/>\n\t<meta property=\"og:image:type\" content=\"image\/jpeg\" \/>\n<meta name=\"author\" content=\"Jane\" \/>\n<meta name=\"twitter:card\" content=\"summary_large_image\" \/>\n<meta name=\"twitter:label1\" content=\"\u0110\u01b0\u1ee3c vi\u1ebft b\u1edfi\" \/>\n\t<meta name=\"twitter:data1\" content=\"Jane\" \/>\n\t<meta name=\"twitter:label2\" content=\"\u01af\u1edbc t\u00ednh th\u1eddi gian \u0111\u1ecdc\" \/>\n\t<meta name=\"twitter:data2\" content=\"2 ph\u00fat\" \/>\n<script type=\"application\/ld+json\" class=\"yoast-schema-graph\">{\"@context\":\"https:\/\/schema.org\",\"@graph\":[{\"@type\":\"Article\",\"@id\":\"https:\/\/laligaupdate.com\/vn\/eder-militao-gia-han-hop-dong-voi-real-madrid-den-2028\/#article\",\"isPartOf\":{\"@id\":\"https:\/\/laligaupdate.com\/vn\/eder-militao-gia-han-hop-dong-voi-real-madrid-den-2028\/\"},\"author\":{\"name\":\"Jane\",\"@id\":\"https:\/\/laligaupdate.com\/vn\/#\/schema\/person\/a2557bdd00a14d93cd525314480ff6fc\"},\"headline\":\"EDER MILITAO GIA H\u1ea0N H\u1ee2P \u0110\u1ed2NG V\u1edaI REAL MADRID \u0110\u1ebeN 2028\",\"datePublished\":\"2024-01-24T08:36:37+00:00\",\"dateModified\":\"2024-01-24T08:37:13+00:00\",\"mainEntityOfPage\":{\"@id\":\"https:\/\/laligaupdate.com\/vn\/eder-militao-gia-han-hop-dong-voi-real-madrid-den-2028\/\"},\"wordCount\":373,\"publisher\":{\"@id\":\"https:\/\/laligaupdate.com\/vn\/#organization\"},\"keywords\":[\"Eder Militao\",\"Real Madrid\"],\"articleSection\":[\"N\u1ed5i b\u1eadt\",\"Tin T\u1ee9c LaLiga\"],\"inLanguage\":\"vi\"},{\"@type\":\"WebPage\",\"@id\":\"https:\/\/laligaupdate.com\/vn\/eder-militao-gia-han-hop-dong-voi-real-madrid-den-2028\/\",\"url\":\"https:\/\/laligaupdate.com\/vn\/eder-militao-gia-han-hop-dong-voi-real-madrid-den-2028\/\",\"name\":\"EDER MILITAO GIA H\u1ea0N H\u1ee2P \u0110\u1ed2NG V\u1edaI REAL MADRID \u0110\u1ebeN 2028 - C\u1eadp nh\u1eadt La Liga\",\"isPartOf\":{\"@id\":\"https:\/\/laligaupdate.com\/vn\/#website\"},\"datePublished\":\"2024-01-24T08:36:37+00:00\",\"dateModified\":\"2024-01-24T08:37:13+00:00\",\"description\":\"Eder Militao \u0111\u1ed3ng \u00fd gia h\u1ea1n h\u1ee3p \u0111\u1ed3ng v\u1edbi Real Madrid cho \u0111\u1ebfn n\u0103m 2028, theo th\u00f4ng b\u00e1o t\u1eeb CLB x\u1ebfp h\u1ea1ng nh\u00ec La Liga.\",\"breadcrumb\":{\"@id\":\"https:\/\/laligaupdate.com\/vn\/eder-militao-gia-han-hop-dong-voi-real-madrid-den-2028\/#breadcrumb\"},\"inLanguage\":\"vi\",\"potentialAction\":[{\"@type\":\"ReadAction\",\"target\":[\"https:\/\/laligaupdate.com\/vn\/eder-militao-gia-han-hop-dong-voi-real-madrid-den-2028\/\"]}]},{\"@type\":\"BreadcrumbList\",\"@id\":\"https:\/\/laligaupdate.com\/vn\/eder-militao-gia-han-hop-dong-voi-real-madrid-den-2028\/#breadcrumb\",\"itemListElement\":[{\"@type\":\"ListItem\",\"position\":1,\"name\":\"Trang ch\u1ee7\",\"item\":\"https:\/\/laligaupdate.com\/vn\/\"},{\"@type\":\"ListItem\",\"position\":2,\"name\":\"N\u1ed5i b\u1eadt\",\"item\":\"https:\/\/laligaupdate.com\/vn\/category\/featured\/\"},{\"@type\":\"ListItem\",\"position\":3,\"name\":\"EDER MILITAO GIA H\u1ea0N H\u1ee2P \u0110\u1ed2NG V\u1edaI REAL MADRID \u0110\u1ebeN 2028\"}]},{\"@type\":\"WebSite\",\"@id\":\"https:\/\/laligaupdate.com\/vn\/#website\",\"url\":\"https:\/\/laligaupdate.com\/vn\/\",\"name\":\"C\u1eadp nh\u1eadt La Liga\",\"description\":\"L\u00e0 trung t\u00e2m cung c\u1ea5p m\u1ecdi th\u1ee9 v\u1ec1 b\u00f3ng \u0111\u00e1 T\u00e2y Ban Nha.\",\"publisher\":{\"@id\":\"https:\/\/laligaupdate.com\/vn\/#organization\"},\"potentialAction\":[{\"@type\":\"SearchAction\",\"target\":{\"@type\":\"EntryPoint\",\"urlTemplate\":\"https:\/\/laligaupdate.com\/vn\/?s={search_term_string}\"},\"query-input\":\"required name=search_term_string\"}],\"inLanguage\":\"vi\"},{\"@type\":\"Organization\",\"@id\":\"https:\/\/laligaupdate.com\/vn\/#organization\",\"name\":\"C\u1eadp nh\u1eadt La Liga\",\"url\":\"https:\/\/laligaupdate.com\/vn\/\",\"logo\":{\"@type\":\"ImageObject\",\"inLanguage\":\"vi\",\"@id\":\"https:\/\/laligaupdate.com\/vn\/#\/schema\/logo\/image\/\",\"url\":\"https:\/\/laligaupdate.com\/vn\/wp-content\/uploads\/sites\/5\/2023\/06\/2288340e-0a23-4257-89c8-ac62c3db799c.png\",\"contentUrl\":\"https:\/\/laligaupdate.com\/vn\/wp-content\/uploads\/sites\/5\/2023\/06\/2288340e-0a23-4257-89c8-ac62c3db799c.png\",\"width\":696,\"height\":331,\"caption\":\"C\u1eadp nh\u1eadt La Liga\"},\"image\":{\"@id\":\"https:\/\/laligaupdate.com\/vn\/#\/schema\/logo\/image\/\"}},{\"@type\":\"Person\",\"@id\":\"https:\/\/laligaupdate.com\/vn\/#\/schema\/person\/a2557bdd00a14d93cd525314480ff6fc\",\"name\":\"Jane\",\"image\":{\"@type\":\"ImageObject\",\"inLanguage\":\"vi\",\"@id\":\"https:\/\/laligaupdate.com\/vn\/#\/schema\/person\/image\/\",\"url\":\"https:\/\/secure.gravatar.com\/avatar\/1a5281b7800623fd8fb890b3a25490b707425cd404a09f05b4edcc73482dc0b8?s=96&d=mm&r=g\",\"contentUrl\":\"https:\/\/secure.gravatar.com\/avatar\/1a5281b7800623fd8fb890b3a25490b707425cd404a09f05b4edcc73482dc0b8?s=96&d=mm&r=g\",\"caption\":\"Jane\"},\"url\":\"https:\/\/laligaupdate.com\/vn\/author\/janeh\/\"}]}<\/script>\n<!-- \/ Yoast SEO plugin. -->","yoast_head_json":{"title":"EDER MILITAO GIA H\u1ea0N H\u1ee2P \u0110\u1ed2NG V\u1edaI REAL MADRID \u0110\u1ebeN 2028 - C\u1eadp nh\u1eadt La Liga","description":"Eder Militao \u0111\u1ed3ng \u00fd gia h\u1ea1n h\u1ee3p \u0111\u1ed3ng v\u1edbi Real Madrid cho \u0111\u1ebfn n\u0103m 2028, theo th\u00f4ng b\u00e1o t\u1eeb CLB x\u1ebfp h\u1ea1ng nh\u00ec La Liga.","robots":{"index":"index","follow":"follow","max-snippet":"max-snippet:-1","max-image-preview":"max-image-preview:large","max-video-preview":"max-video-preview:-1"},"canonical":"https:\/\/laligaupdate.com\/vn\/eder-militao-gia-han-hop-dong-voi-real-madrid-den-2028\/","og_locale":"vi_VN","og_type":"article","og_title":"EDER MILITAO GIA H\u1ea0N H\u1ee2P \u0110\u1ed2NG V\u1edaI REAL MADRID \u0110\u1ebeN 2028 - C\u1eadp nh\u1eadt La Liga","og_description":"Eder Militao \u0111\u1ed3ng \u00fd gia h\u1ea1n h\u1ee3p \u0111\u1ed3ng v\u1edbi Real Madrid cho \u0111\u1ebfn n\u0103m 2028, theo th\u00f4ng b\u00e1o t\u1eeb CLB x\u1ebfp h\u1ea1ng nh\u00ec La Liga.","og_url":"https:\/\/laligaupdate.com\/vn\/eder-militao-gia-han-hop-dong-voi-real-madrid-den-2028\/","og_site_name":"C\u1eadp nh\u1eadt La Liga","article_published_time":"2024-01-24T08:36:37+00:00","article_modified_time":"2024-01-24T08:37:13+00:00","og_image":[{"width":800,"height":500,"url":"https:\/\/laligaupdate.com\/vn\/wp-content\/uploads\/sites\/5\/2024\/01\/Eder-Militao-signs-extension-with-Real-Madrid-until-2028-800x500-1.jpg","type":"image\/jpeg"}],"author":"Jane","twitter_card":"summary_large_image","twitter_misc":{"\u0110\u01b0\u1ee3c vi\u1ebft b\u1edfi":"Jane","\u01af\u1edbc t\u00ednh th\u1eddi gian \u0111\u1ecdc":"2 ph\u00fat"},"schema":{"@context":"https:\/\/schema.org","@graph":[{"@type":"Article","@id":"https:\/\/laligaupdate.com\/vn\/eder-militao-gia-han-hop-dong-voi-real-madrid-den-2028\/#article","isPartOf":{"@id":"https:\/\/laligaupdate.com\/vn\/eder-militao-gia-han-hop-dong-voi-real-madrid-den-2028\/"},"author":{"name":"Jane","@id":"https:\/\/laligaupdate.com\/vn\/#\/schema\/person\/a2557bdd00a14d93cd525314480ff6fc"},"headline":"EDER MILITAO GIA H\u1ea0N H\u1ee2P \u0110\u1ed2NG V\u1edaI REAL MADRID \u0110\u1ebeN 2028","datePublished":"2024-01-24T08:36:37+00:00","dateModified":"2024-01-24T08:37:13+00:00","mainEntityOfPage":{"@id":"https:\/\/laligaupdate.com\/vn\/eder-militao-gia-han-hop-dong-voi-real-madrid-den-2028\/"},"wordCount":373,"publisher":{"@id":"https:\/\/laligaupdate.com\/vn\/#organization"},"keywords":["Eder Militao","Real Madrid"],"articleSection":["N\u1ed5i b\u1eadt","Tin T\u1ee9c LaLiga"],"inLanguage":"vi"},{"@type":"WebPage","@id":"https:\/\/laligaupdate.com\/vn\/eder-militao-gia-han-hop-dong-voi-real-madrid-den-2028\/","url":"https:\/\/laligaupdate.com\/vn\/eder-militao-gia-han-hop-dong-voi-real-madrid-den-2028\/","name":"EDER MILITAO GIA H\u1ea0N H\u1ee2P \u0110\u1ed2NG V\u1edaI REAL MADRID \u0110\u1ebeN 2028 - C\u1eadp nh\u1eadt La Liga","isPartOf":{"@id":"https:\/\/laligaupdate.com\/vn\/#website"},"datePublished":"2024-01-24T08:36:37+00:00","dateModified":"2024-01-24T08:37:13+00:00","description":"Eder Militao \u0111\u1ed3ng \u00fd gia h\u1ea1n h\u1ee3p \u0111\u1ed3ng v\u1edbi Real Madrid cho \u0111\u1ebfn n\u0103m 2028, theo th\u00f4ng b\u00e1o t\u1eeb CLB x\u1ebfp h\u1ea1ng nh\u00ec La Liga.","breadcrumb":{"@id":"https:\/\/laligaupdate.com\/vn\/eder-militao-gia-han-hop-dong-voi-real-madrid-den-2028\/#breadcrumb"},"inLanguage":"vi","potentialAction":[{"@type":"ReadAction","target":["https:\/\/laligaupdate.com\/vn\/eder-militao-gia-han-hop-dong-voi-real-madrid-den-2028\/"]}]},{"@type":"BreadcrumbList","@id":"https:\/\/laligaupdate.com\/vn\/eder-militao-gia-han-hop-dong-voi-real-madrid-den-2028\/#breadcrumb","itemListElement":[{"@type":"ListItem","position":1,"name":"Trang ch\u1ee7","item":"https:\/\/laligaupdate.com\/vn\/"},{"@type":"ListItem","position":2,"name":"N\u1ed5i b\u1eadt","item":"https:\/\/laligaupdate.com\/vn\/category\/featured\/"},{"@type":"ListItem","position":3,"name":"EDER MILITAO GIA H\u1ea0N H\u1ee2P \u0110\u1ed2NG V\u1edaI REAL MADRID \u0110\u1ebeN 2028"}]},{"@type":"WebSite","@id":"https:\/\/laligaupdate.com\/vn\/#website","url":"https:\/\/laligaupdate.com\/vn\/","name":"C\u1eadp nh\u1eadt La Liga","description":"L\u00e0 trung t\u00e2m cung c\u1ea5p m\u1ecdi th\u1ee9 v\u1ec1 b\u00f3ng \u0111\u00e1 T\u00e2y Ban Nha.","publisher":{"@id":"https:\/\/laligaupdate.com\/vn\/#organization"},"potentialAction":[{"@type":"SearchAction","target":{"@type":"EntryPoint","urlTemplate":"https:\/\/laligaupdate.com\/vn\/?s={search_term_string}"},"query-input":"required name=search_term_string"}],"inLanguage":"vi"},{"@type":"Organization","@id":"https:\/\/laligaupdate.com\/vn\/#organization","name":"C\u1eadp nh\u1eadt La Liga","url":"https:\/\/laligaupdate.com\/vn\/","logo":{"@type":"ImageObject","inLanguage":"vi","@id":"https:\/\/laligaupdate.com\/vn\/#\/schema\/logo\/image\/","url":"https:\/\/laligaupdate.com\/vn\/wp-content\/uploads\/sites\/5\/2023\/06\/2288340e-0a23-4257-89c8-ac62c3db799c.png","contentUrl":"https:\/\/laligaupdate.com\/vn\/wp-content\/uploads\/sites\/5\/2023\/06\/2288340e-0a23-4257-89c8-ac62c3db799c.png","width":696,"height":331,"caption":"C\u1eadp nh\u1eadt La Liga"},"image":{"@id":"https:\/\/laligaupdate.com\/vn\/#\/schema\/logo\/image\/"}},{"@type":"Person","@id":"https:\/\/laligaupdate.com\/vn\/#\/schema\/person\/a2557bdd00a14d93cd525314480ff6fc","name":"Jane","image":{"@type":"ImageObject","inLanguage":"vi","@id":"https:\/\/laligaupdate.com\/vn\/#\/schema\/person\/image\/","url":"https:\/\/secure.gravatar.com\/avatar\/1a5281b7800623fd8fb890b3a25490b707425cd404a09f05b4edcc73482dc0b8?s=96&d=mm&r=g","contentUrl":"https:\/\/secure.gravatar.com\/avatar\/1a5281b7800623fd8fb890b3a25490b707425cd404a09f05b4edcc73482dc0b8?s=96&d=mm&r=g","caption":"Jane"},"url":"https:\/\/laligaupdate.com\/vn\/author\/janeh\/"}]}},"_links":{"self":[{"href":"https:\/\/laligaupdate.com\/vn\/wp-json\/wp\/v2\/posts\/3078","targetHints":{"allow":["GET"]}}],"collection":[{"href":"https:\/\/laligaupdate.com\/vn\/wp-json\/wp\/v2\/posts"}],"about":[{"href":"https:\/\/laligaupdate.com\/vn\/wp-json\/wp\/v2\/types\/post"}],"author":[{"embeddable":true,"href":"https:\/\/laligaupdate.com\/vn\/wp-json\/wp\/v2\/users\/22"}],"replies":[{"embeddable":true,"href":"https:\/\/laligaupdate.com\/vn\/wp-json\/wp\/v2\/comments?post=3078"}],"version-history":[{"count":2,"href":"https:\/\/laligaupdate.com\/vn\/wp-json\/wp\/v2\/posts\/3078\/revisions"}],"predecessor-version":[{"id":3081,"href":"https:\/\/laligaupdate.com\/vn\/wp-json\/wp\/v2\/posts\/3078\/revisions\/3081"}],"wp:featuredmedia":[{"embeddable":true,"href":"https:\/\/laligaupdate.com\/vn\/wp-json\/wp\/v2\/media\/3079"}],"wp:attachment":[{"href":"https:\/\/laligaupdate.com\/vn\/wp-json\/wp\/v2\/media?parent=3078"}],"wp:term":[{"taxonomy":"category","embeddable":true,"href":"https:\/\/laligaupdate.com\/vn\/wp-json\/wp\/v2\/categories?post=3078"},{"taxonomy":"post_tag","embeddable":true,"href":"https:\/\/laligaupdate.com\/vn\/wp-json\/wp\/v2\/tags?post=3078"}],"curies":[{"name":"wp","href":"https:\/\/api.w.org\/{rel}","templated":true}]}}